{"id":41,"date":"2012-09-24T18:43:39","date_gmt":"2012-09-24T16:43:39","guid":{"rendered":"http:\/\/blogs.elnortedecastilla.es\/asolasconloslibros\/?p=41"},"modified":"2012-09-24T18:43:39","modified_gmt":"2012-09-24T16:43:39","slug":"lo-que-no-esta-escrito-de-rafael-reig","status":"publish","type":"post","link":"https:\/\/blogs.elnortedecastilla.es\/asolasconloslibros\/?p=41","title":{"rendered":"LO QUE NO EST\u00c1 ESCRITO DE RAFAEL REIG"},"content":{"rendered":"<p>Acabo de leer ayer noche la nueva novela de Rafael Reig, Lo que no est\u00e1 escrito. Advierto de algo innecesario de comunicar, est\u00e1 escrito con la redondez que Parm\u00e9nides exig\u00eda para el ser, y para el lenguaje, claro, porque el ser y el lenguaje son la misma cosa.<\/p>\n<p>Digo que termin\u00e9 de leerla ayer noche, s\u00e1bado, y la compr\u00e9 a cr\u00e9dito e viernes, como veis, han transcurrido menos de veinticuatro horas, y descontad la hora y media que gast\u00e9 en disfrutar de un partido de f\u00fatbol que jugaba mi hijo, y otra hora y media de disfrute de una obra de teatro y el libro lo le\u00ed en menos tiempo que se tarda en leer su solapa. No perd\u00e1is el tiempo en la misma y lanzaros al texto.<\/p>\n<p>Lo que no est\u00e1 escrito, y de inmediato el t\u00edtulo me remiti\u00f3 forzosamente a S\u00f3crates, empe\u00f1ado en no escribir porque s\u00f3lo ten\u00eda sentido en el tiempo lo que se dec\u00eda \u2013 la palabra hablada m\u00e1s significativa que la palabra escrita. Claro, esta \u00faltima tiene el lastre de que no es sino signo simb\u00f3lico y re &#8211; significa en exceso, pues, cuando escribes lo que ves, lo que oyes, etc., hasta lo que dices, lo reconviertes en una met\u00e1fora que permite a quien lo lee, establecerla con el significado que prefiera.<\/p>\n<p>Lo que no est\u00e1 escrito, y de inmediato de S\u00f3crates saltamos a Plat\u00f3n y a su mundo de las ideas que es donde est\u00e1 lo que no est\u00e1 escrito<img loading=\"lazy\" class=\"alignright\" src=\"\/\/www.tusquetseditores.com\/fotos\/portadas\/lo_que_no_esta_escrito_big.JPG\" alt=\"\" width=\"133\" height=\"200\" \/> y que se presenta como la Verdad \u00fanica de bondad y belleza. Pero el mundo que no est\u00e1 escrito a la ve que es un mundo \u00fanico se expande en tres mundos a la vez, a saberse, el mundo de las Ideas\/Formas, el mundo de lo intermediado, y el lugar de la nescencia, la falta absoluta de ciencia, que se relacionar\u00edan con los tres tipos de hombres, que son los vivos, los muertos y los que andan en la mar. Correspondencia entre los mundos y los hombre en sus tipos la hay, y por ello, los vivos son aquellos que andan en un mundo intermedio, los muertos o m\u00e1s bien zombies, son aquellos que viven en la nescencia con la creencia de que es la realidad \u00fanica y los que andan en la mar, claro, los que contemplan henchidos de orgullo la realidad verdadera y \u00fanica.<\/p>\n<p>La novela de Reig, lo que no est\u00e1 escrito, \u00a0se va a desarrollar en estos tres mundos con estas tres clases de hombres pululando por la novela como poluciones en una noche de insomnio. La muerta que se cree muy viva y que vive en una nescencia absoluta tomando como verdad sus propias creencias entresacadas de los s\u00edmbolos de los que le ha poblado su mundo un t\u00e9cnico novel\u00edstico; los prototipos eid\u00e9ticos muy vivos que se desarrollan su vida en la inteligibilidad absoluta propuesta por una mente preclara y los que andan en la mar subiendo y bajando de la cresta de la ola a la llanura de la misma de descubrimiento en descubrimiento de su propia afectividad. Y, por supuesto, estos tres mundos nunca se juntan ni se unen o se manifiestan como son para que nos quedemos con uno de ellos, el de los prototipos eid\u00e9ticos, claro, donde todo ocurre con la necesidad de los que ya ha sido conocido y es ahora re \u2013 conocido.<\/p>\n<p>Y como en todo lo que vivimos re \u2013 conocemos los ya vivido y conocido, siempre creemos conocer m\u00e1s de lo que realmente sabemos.<\/p>\n<p>Lo que no est\u00e1 escrito es una novela que fundamenta el inter\u00e9s y su originalidad precisamente en este juego de espejismos entre lo Real y lo imitado que se va prodigando en los tres ascensos al Ser que promueve la novela, como la escalera que encontramos en el museo do pobo galego, en un juego dial\u00e9ctico ascensional, y que en su parte descensional, tambi\u00e9n como una exigencia, se hace cat\u00e1rtica, pues es salv\u00edfica.<\/p>\n<p>La lectura se hace potente, significativa y realista desde el momento que nos proponemos ser un Plat\u00f3n para estos S\u00f3crates que deambulan por la novela y nuestro autor, Reig, lo que no est\u00e1 escrito.<\/p>\n<p>El domingo por la ma\u00f1ana me ergu\u00ed de la cama y en el ba\u00f1o intu\u00ed que quiz\u00e1 el autor tambi\u00e9n pudiera haber querido que realiz\u00e1ramos una lectura psicoanal\u00edtica, desde el complejo de Edipo, pero es tan obvia y el piscoan\u00e1lisis tan rampante, que me resulta inconveniente creer que el autor la quisiere. No, no la hag\u00e1is, se pierde el placer de la re &#8211; significaci\u00f3n simb\u00f3lica.<\/p>\n<p>JM. Prado &#8211; Ant\u00fanez<\/p>\n<!-- AddThis Advanced Settings generic via filter on the_content --><!-- AddThis Share Buttons generic via filter on the_content -->","protected":false},"excerpt":{"rendered":"<p>Acabo de leer ayer noche la nueva novela de Rafael Reig, Lo que no est\u00e1 escrito. Advierto de algo innecesario de comunicar, est\u00e1 escrito con la redondez que Parm\u00e9nides exig\u00eda para el ser, y para el lenguaje, claro, porque el ser y el lenguaje son la misma cosa. Digo que termin\u00e9 de leerla ayer noche, [&hellip;]<!-- AddThis Advanced Settings generic via filter on get_the_excerpt --><!-- AddThis Share Buttons generic via filter on get_the_excerpt --><\/p>\n","protected":false},"author":41,"featured_media":0,"comment_status":"open","ping_status":"closed","sticky":false,"template":"","format":"standard","meta":[],"categories":[3],"tags":[171,197,228,229],"_links":{"self":[{"href":"https:\/\/blogs.elnortedecastilla.es\/asolasconloslibros\/index.php?rest_route=\/wp\/v2\/posts\/41"}],"collection":[{"href":"https:\/\/blogs.elnortedecastilla.es\/asolasconloslibros\/index.php?rest_route=\/wp\/v2\/posts"}],"about":[{"href":"https:\/\/blogs.elnortedecastilla.es\/asolasconloslibros\/index.php?rest_route=\/wp\/v2\/types\/post"}],"author":[{"embeddable":true,"href":"https:\/\/blogs.elnortedecastilla.es\/asolasconloslibros\/index.php?rest_route=\/wp\/v2\/users\/41"}],"replies":[{"embeddable":true,"href":"https:\/\/blogs.elnortedecastilla.es\/asolasconloslibros\/index.php?rest_route=%2Fwp%2Fv2%2Fcomments&post=41"}],"version-history":[{"count":0,"href":"https:\/\/blogs.elnortedecastilla.es\/asolasconloslibros\/index.php?rest_route=\/wp\/v2\/posts\/41\/revisions"}],"wp:attachment":[{"href":"https:\/\/blogs.elnortedecastilla.es\/asolasconloslibros\/index.php?rest_route=%2Fwp%2Fv2%2Fmedia&parent=41"}],"wp:term":[{"taxonomy":"category","embeddable":true,"href":"https:\/\/blogs.elnortedecastilla.es\/asolasconloslibros\/index.php?rest_route=%2Fwp%2Fv2%2Fcategories&post=41"},{"taxonomy":"post_tag","embeddable":true,"href":"https:\/\/blogs.elnortedecastilla.es\/asolasconloslibros\/index.php?rest_route=%2Fwp%2Fv2%2Ftags&post=41"}],"curies":[{"name":"wp","href":"https:\/\/api.w.org\/{rel}","templated":true}]}}