{"id":72,"date":"2013-01-07T21:25:12","date_gmt":"2013-01-07T20:25:12","guid":{"rendered":"http:\/\/blogs.elnortedecastilla.es\/asolasconloslibros\/?p=72"},"modified":"2013-01-07T21:25:12","modified_gmt":"2013-01-07T20:25:12","slug":"las-mejores-novelas-del-2012","status":"publish","type":"post","link":"https:\/\/blogs.elnortedecastilla.es\/asolasconloslibros\/?p=72","title":{"rendered":"Las mejores novelas del 2012"},"content":{"rendered":"<p>Hago esta lista desde la m\u00e1s absoluta subjetividad, porque en esta elecci\u00f3n, no puede uno ser objetivo. La verdad es que establecer que alguien est\u00e9 en una lista o no, s\u00f3lo puede ser establecido desde unas coordenadas est\u00e9ticas, y las m\u00edas son la originalidad, la belleza, lo agradable y lo interesante. Siguiendo estas estelas establezco las siguientes novelas como mejores de este 2012:<\/p>\n<p>La vida despu\u00e9s de Marta Rivera de la Cruz<\/p>\n<p>Ostras para Dimitri de Juan Bas<\/p>\n<p>La senda trazada de Pedro de Paz<\/p>\n<p>Assur de Francisco Narla<\/p>\n<p>Punto de fusi\u00f3n de David Torres<\/p>\n<p>Mientras duermen os murci\u00e9lagos \u00a0de Emilio Arag\u00f3n<\/p>\n<p>El asesino de Venecia de Antonio Civantos<\/p>\n<p>Lo que no est\u00e1 escrito de Rafael Reig<\/p>\n<p>Una tienda en Par\u00eds de Max\u00edm Huerta<\/p>\n<p>La ciudad de los ojos grises de Felix G. Modro\u00f1o<\/p>\n<p>Misi\u00f3n olvido de Maria Due\u00f1as<\/p>\n<p>y permitidme que entre yo mismo en esta lista, porque en ella me introdujeron en una web llamada las lecturas de shaka:<\/p>\n<p>Hasta los cuervos picotean las cerezas de JM. Prado &#8211; Ant\u00fanez<\/p>\n<p>Es indudable que caben m\u00e1s, pero m\u00e1\u00f1ana os listar\u00e9 aquellas que son las peores. Nunca he sido partidario pero es indudable que si no lo escribo, las peores, nunca me tomar\u00e1n en serio.<\/p>\n<p>&nbsp;<\/p>\n<p>&nbsp;<\/p>\n<!-- AddThis Advanced Settings generic via filter on the_content --><!-- AddThis Share Buttons generic via filter on the_content -->","protected":false},"excerpt":{"rendered":"<p>Hago esta lista desde la m\u00e1s absoluta subjetividad, porque en esta elecci\u00f3n, no puede uno ser objetivo. La verdad es que establecer que alguien est\u00e9 en una lista o no, s\u00f3lo puede ser establecido desde unas coordenadas est\u00e9ticas, y las m\u00edas son la originalidad, la belleza, lo agradable y lo interesante. Siguiendo estas estelas establezco [&hellip;]<!-- AddThis Advanced Settings generic via filter on get_the_excerpt --><!-- AddThis Share Buttons generic via filter on get_the_excerpt --><\/p>\n","protected":false},"author":41,"featured_media":0,"comment_status":"open","ping_status":"closed","sticky":false,"template":"","format":"standard","meta":[],"categories":[4],"tags":[10,31,75,100,119,140,177,179,180,184,185,210,224,238],"_links":{"self":[{"href":"https:\/\/blogs.elnortedecastilla.es\/asolasconloslibros\/index.php?rest_route=\/wp\/v2\/posts\/72"}],"collection":[{"href":"https:\/\/blogs.elnortedecastilla.es\/asolasconloslibros\/index.php?rest_route=\/wp\/v2\/posts"}],"about":[{"href":"https:\/\/blogs.elnortedecastilla.es\/asolasconloslibros\/index.php?rest_route=\/wp\/v2\/types\/post"}],"author":[{"embeddable":true,"href":"https:\/\/blogs.elnortedecastilla.es\/asolasconloslibros\/index.php?rest_route=\/wp\/v2\/users\/41"}],"replies":[{"embeddable":true,"href":"https:\/\/blogs.elnortedecastilla.es\/asolasconloslibros\/index.php?rest_route=%2Fwp%2Fv2%2Fcomments&post=72"}],"version-history":[{"count":0,"href":"https:\/\/blogs.elnortedecastilla.es\/asolasconloslibros\/index.php?rest_route=\/wp\/v2\/posts\/72\/revisions"}],"wp:attachment":[{"href":"https:\/\/blogs.elnortedecastilla.es\/asolasconloslibros\/index.php?rest_route=%2Fwp%2Fv2%2Fmedia&parent=72"}],"wp:term":[{"taxonomy":"category","embeddable":true,"href":"https:\/\/blogs.elnortedecastilla.es\/asolasconloslibros\/index.php?rest_route=%2Fwp%2Fv2%2Fcategories&post=72"},{"taxonomy":"post_tag","embeddable":true,"href":"https:\/\/blogs.elnortedecastilla.es\/asolasconloslibros\/index.php?rest_route=%2Fwp%2Fv2%2Ftags&post=72"}],"curies":[{"name":"wp","href":"https:\/\/api.w.org\/{rel}","templated":true}]}}