{"id":87,"date":"2013-01-29T11:02:29","date_gmt":"2013-01-29T10:02:29","guid":{"rendered":"http:\/\/blogs.elnortedecastilla.es\/asolasconloslibros\/?p=87"},"modified":"2013-01-29T11:02:29","modified_gmt":"2013-01-29T10:02:29","slug":"mis-autores-que-no-debeis-perder-de-vista","status":"publish","type":"post","link":"https:\/\/blogs.elnortedecastilla.es\/asolasconloslibros\/?p=87","title":{"rendered":"Mis autores, que no deb\u00e9is perder de vista"},"content":{"rendered":"<p>Estamos llegando a final de enero y la mayor\u00eda de los peri\u00f3dicos publican unos art\u00edculos bien poblados de t\u00edtulos y nombres propios de aquellos autores que &#8220;cagar\u00e1n&#8221; una novela como quien amasa un churro o estira un acorde hacia el infinito. No entiendo c\u00f3mo alguien, a no ser bajo la admonici\u00f3n del contrato, puede publicar una novela cada seis meses o escribirla en dos semanas. Bueno, s\u00ed, una novela puede estar preparada en un d\u00eda, si te pones a la labor y no te molesta ni Boyero con sus contracr\u00f3nicas c\u00e1rnicas de Riddick. Lo que cuesta realmente es crear una obra literaria. Una obra literaria, que es lo que todos quisi\u00e9ramos tener ante los ojos siempre. Pero supongo que es dif\u00edcil, porqueno todo el mundo escribe obras literarias y se conforman con parir una novela. El otro d\u00eda se publicaba una noticia que anunciaba que se publican en Espa\u00f1a en torno a 15.000 novelas anuales. Tantas novelas que son buenas, malas, regulares o simplemente humo. Pero s\u00f3lo diez o doce pueden ser consideradas obras literarias.<\/p>\n<p>Una obra literaria es aquella novela, en este caso, porque es lo que toca, aunque pudiera ser poema o teatro, que si no la lees te sientes hu\u00e9rfano de tiempo y m\u00e1s que encontrarla, es ella la que se epifenomiza. La epifan\u00eda de la obra literaria, sacral momento que nos arrebata el tiempo. La obra literaria, por supuesto, no precisa presentaci\u00f3n, se presenta sola, claro, se aparece con la humildad propia de lo que se precisar\u00e1 por siempre. La obra literaria se revela y nos convierte en algo ecum\u00e9nico, universal, es decir, el fondo inconsciente seg\u00fan el cual funciona la realidad, se patentiza.<\/p>\n<p>Es cierto, no todas las novelas pretende esto. Las hay que s\u00f3lo cuentan una historia m\u00e1s o menos cierta, m\u00e1s o menos ver\u00eddica, con m\u00e1s o menos fortuna y no se hace precisa su lectura a nadie. Si s\u00f3lo se editaran y pasaran a manos del ama de Quijana para ser lanzadas a la hoguera que en el patio hiciera, nada se perdiera. Hay novelas que s\u00f3lo narran un acontecimiento y se acaba, como si buscara por exclusiva pretensi\u00f3n matar el tiempo y que \u00e9ste transcurra, sin m\u00e1s. Esta claro que la obra literaria pretende m\u00e1s bien amplificar el tiempo para que este no transcurra, o que se haga uno con el espacio, se solapen, relativiz\u00e1ndose. La obra literaria pretende que nos hagamos cargo del tiempo, que carguemos con \u00e9l, pero en la dimensi\u00f3n del inconsciente colectivo, a la manera de Jung. En otras palabras, la obra literaria nos une a ella con un lazo que nos agiganta con ella, que nos amplifica, que nos convierte en symploke, esa plabra que a Plat\u00f3n le entusiasmaba y que aplicaba a su ciudad para explicar que en ella todo quedaba unido de manera indestructible, y que en espa\u00f1ol traducir\u00edamos como conexionar (el entrelazamiento cu\u00e1ntico que define a la no separabilidad matem\u00e1tica y la decoherencia)<\/p>\n<p>Conforme a esto, esperamos que este a\u00f1o se produzcan varias obras literarias, en la novela en este caso. \u00bfDe qui\u00e9nes prodr\u00e1n provenir estas obras? \u00bfQui\u00e9nes son los autores de obra literaria en la novela? Los actuales, por supuesto, que los consagrados ya nos la otorgan de por s\u00ed, por el nombre. Nadie duda de Vargas Llosa o de Eduardo Mendoza, por dar don nombres. Pero los actuales, los que perdurar\u00e1n en el entrelazamiento cu\u00e1ntico.<\/p>\n<p>Espero este a\u00f1os una nueva obra literaria de <strong><em>Carlos Marzal, <\/em><\/strong>que vaya m\u00e1s all\u00e1 de los reinos de la causalidad.<\/p>\n<p>Tambi\u00e9n llegar\u00e1 la nueva obra literaria de <em><strong>Marta Rivera<\/strong><\/em>, donde nos devuelva \u00a0a Ribanova, ese reino literario donde el espacio y el tiempo se confunde hasta con la metereolog\u00eda y la gastronom\u00eda, y aparezca alg\u00fan nuevo personaje suave e inquietante en este horizonte.<\/p>\n<p>Esperamos tambi\u00e9n una nueva obra literaria de <em><strong>Pedro de Paz, <\/strong><\/em>quiz\u00e1 esta vez por sendas no trazadas, donde la enfermedad y su descubrimiento repentino en los ojos pendulares de una enfermera Boscosa.<\/p>\n<p>En las manos podremos tener el pr\u00f3ximo hallazgo de <em><strong>David Torres, <\/strong><\/em>con sus surreales repeticiones de la realidad buc\u00f3lica. Y en la misma l\u00ednea pero a\u00fan m\u00e1s salvaje, <em><strong>Juan Bas<\/strong><\/em>.<\/p>\n<p>Y <strong><em>Rafa Reig<\/em><\/strong>, que encubre entre las frases de sus novelas tanta filosof\u00eda de lonja clandestina que se escribe con la misma otra novela de iniciaci\u00f3n.<\/p>\n<p>Y <strong><em>Pablo Nu\u00f1ez<\/em><\/strong>, que apura la historia hasta la Historia y nos permite que abordemos a las hijas &#8220;mouras&#8221; de un C\u00e9sar desbrido como a los comandos que recuperan el legado exportable.<\/p>\n<p><strong><em>Jos\u00e9 \u00e1ngel Barrueco<\/em><\/strong>, del que esperamos nos sorprenda con su especial, por sensible, captaci\u00f3n de la realidad a trav\u00e9s de los ojos poli\u00e9dricos de una mosca en su vuelo sempiterno.<\/p>\n<p><strong><em>\u00c1ngela Vallvey<\/em><\/strong>, que nos agota tras las lecturas y relecturas de sus novelas de infinidad de vericuetos versiculares, donde se escribe la historia deshecha de esos personajes tan vivos como desnortados.<\/p>\n<p><strong><em>Francisco Narla<\/em><\/strong>, que descubri\u00f3 el camino que lleva a su coraz\u00f3n mirando en las cristalinas aguas, en los cristalinos ojos del r\u00edo Furco, de Furco, y ahora nos debe todas las literaturas que emergan entre sus vuelos.<\/p>\n<p><em><strong>Juan Carlos Mart\u00ednez Barrio<\/strong><\/em>, con sus historias de coraz\u00f3n y tierra, de sabor a carne y sangre visceral.<\/p>\n<p><strong><em>Luis Amezaga<\/em><\/strong>, penetrante como el cuchillo sobre la mantequilla, de escritura sudorosa.<\/p>\n<p>Mientras esperamos releemos con gozo nuevas obras que cayeron en nuestras manos. &#8220;Una tienda en Par\u00eds&#8221;, que es un compendio de la afectividad que surge en la reorganizaci\u00f3n de nuestra vida. <em><strong>Max\u00edm Huerta<\/strong><\/em>, un gran autor lterario, por cierto. Una novela que merecer\u00e1 aqu\u00ed una recesi\u00f3n pronta, &#8220;La ciudad de los ojos grises&#8221; de <em><strong>Felix Modro\u00f1o<\/strong><\/em>, magn\u00edfico. La \u00faltima novela de <em><strong>Carmen Posadas<\/strong><\/em>, que tambi\u00e9n ser\u00e1 recesionada, una novela del abajo y el arriba, &#8220;El testigo invisible&#8221;.<\/p>\n<p>Y dejo para el final una recomendaci\u00f3n de futuro. La novela que escribe con denuedo <em><strong>Ana I. Prado Ant\u00fanez<\/strong><\/em>, y que seguro sorprender\u00e1 a todos.<\/p>\n<!-- AddThis Advanced Settings generic via filter on the_content --><!-- AddThis Share Buttons generic via filter on the_content -->","protected":false},"excerpt":{"rendered":"<p>Estamos llegando a final de enero y la mayor\u00eda de los peri\u00f3dicos publican unos art\u00edculos bien poblados de t\u00edtulos y nombres propios de aquellos autores que &#8220;cagar\u00e1n&#8221; una novela como quien amasa un churro o estira un acorde hacia el infinito. No entiendo c\u00f3mo alguien, a no ser bajo la admonici\u00f3n del contrato, puede publicar [&hellip;]<!-- AddThis Advanced Settings generic via filter on get_the_excerpt --><!-- AddThis Share Buttons generic via filter on get_the_excerpt --><\/p>\n","protected":false},"author":41,"featured_media":0,"comment_status":"open","ping_status":"closed","sticky":false,"template":"","format":"standard","meta":[],"categories":[3],"tags":[23,28,44,57,76,108,110,119,140,141,180,181,184,207,210,224],"_links":{"self":[{"href":"https:\/\/blogs.elnortedecastilla.es\/asolasconloslibros\/index.php?rest_route=\/wp\/v2\/posts\/87"}],"collection":[{"href":"https:\/\/blogs.elnortedecastilla.es\/asolasconloslibros\/index.php?rest_route=\/wp\/v2\/posts"}],"about":[{"href":"https:\/\/blogs.elnortedecastilla.es\/asolasconloslibros\/index.php?rest_route=\/wp\/v2\/types\/post"}],"author":[{"embeddable":true,"href":"https:\/\/blogs.elnortedecastilla.es\/asolasconloslibros\/index.php?rest_route=\/wp\/v2\/users\/41"}],"replies":[{"embeddable":true,"href":"https:\/\/blogs.elnortedecastilla.es\/asolasconloslibros\/index.php?rest_route=%2Fwp%2Fv2%2Fcomments&post=87"}],"version-history":[{"count":0,"href":"https:\/\/blogs.elnortedecastilla.es\/asolasconloslibros\/index.php?rest_route=\/wp\/v2\/posts\/87\/revisions"}],"wp:attachment":[{"href":"https:\/\/blogs.elnortedecastilla.es\/asolasconloslibros\/index.php?rest_route=%2Fwp%2Fv2%2Fmedia&parent=87"}],"wp:term":[{"taxonomy":"category","embeddable":true,"href":"https:\/\/blogs.elnortedecastilla.es\/asolasconloslibros\/index.php?rest_route=%2Fwp%2Fv2%2Fcategories&post=87"},{"taxonomy":"post_tag","embeddable":true,"href":"https:\/\/blogs.elnortedecastilla.es\/asolasconloslibros\/index.php?rest_route=%2Fwp%2Fv2%2Ftags&post=87"}],"curies":[{"name":"wp","href":"https:\/\/api.w.org\/{rel}","templated":true}]}}