{"id":91,"date":"2013-02-10T19:14:16","date_gmt":"2013-02-10T18:14:16","guid":{"rendered":"http:\/\/blogs.elnortedecastilla.es\/asolasconloslibros\/?p=91"},"modified":"2013-02-10T19:14:16","modified_gmt":"2013-02-10T18:14:16","slug":"eugenio-trias","status":"publish","type":"post","link":"https:\/\/blogs.elnortedecastilla.es\/asolasconloslibros\/?p=91","title":{"rendered":"Eugenio Trias"},"content":{"rendered":"<p>Ha fallecido Eugenio Trias.<\/p>\n<p>El fil\u00f3sofo del l\u00edmite, que no de la limitaci\u00f3n.<\/p>\n<p>El fil\u00f3sofo que nos acerc\u00f3 al mapa del mundo. El mundo, ese lugar al cual \u00a0podemos aproximarnos \u00a0a la idea del mismo porque es pura <em><span style=\"text-decoration: underline;\">dynamis, <\/span><\/em>y por ello, jam\u00e1s pdoremos huir\u00a0. La <em><span style=\"text-decoration: underline;\">dynamis<\/span><\/em> es la emergencia del mundo en su continua reaparici\u00f3n, inagotable, en un proceso de constituci\u00f3n continua. Por eso jam\u00e1s podemos aferrarnos a una Idea, no da cuenta de la realidad del mundo.<\/p>\n<p>El l\u00edmite, sin embargo, est\u00e1 ah\u00ed. En el l\u00edmite estamos nosotros. El l\u00edmite es el hombre mismo, somos nosotros. No podemos s\u00f3lo quedarnos en la <em><span style=\"text-decoration: underline;\">dynamis<\/span><\/em>, es necesario, poder establecer la medici\u00f3n de esa <span style=\"text-decoration: underline;\">dynamis<\/span>. La ciencia, por supuesto. Es cierto que no s\u00f3lo podemos mencionar sino tambi\u00e9n decir al mundo. Por eso nos debemos acercar al l\u00edmite, donde el decir y mencionar se reunifican.<\/p>\n<p>El l\u00edmite es el lugar de la symploke, donde la raz\u00f3n humana que mide la dynamis, se reunifica con la dynamis en su fluir continuo. Donde la raz\u00f3n se une a la sinraz\u00f3n y a la locura de una manera carnavalesca, donde lo bello y lo siniestro se \u00a0entrelazan de una manera inseparable.<\/p>\n<p>La din\u00e1mica del l\u00edmite nos explica que es en ese lugar, el l\u00edmite, donde se manifiesta el fen\u00f3meno y aquello que no quiere manifestarse fenom\u00e9nicamente. Un istmo fronterizo, muy sutil, pero fundacional, porque en el resurge el Sentido.<\/p>\n<p>El sentido, que es la Verdad\u00a0 dial\u00f3gica, lo que no es \u00fanico y que exige su b\u00fasqueda, o no. Igual que en la pel\u00edcula Tibur\u00f3n, que no es necesario ir a pescarlo pero nos llama, con aquella canci\u00f3n tan tonta, adi\u00f3s y ad\u00ede, mi linda dama espa\u00f1ola\u2026<\/p>\n<p>Por eso el l\u00edmite es musical, el lugar del c\u00e1ntico de las sirenas. As\u00ed que Eugenio, nos veremos en el l\u00edmite, para nadar entre las bellas mujeres que exhalan el sentido.<\/p>\n<!-- AddThis Advanced Settings generic via filter on the_content --><!-- AddThis Share Buttons generic via filter on the_content -->","protected":false},"excerpt":{"rendered":"<p>Ha fallecido Eugenio Trias. El fil\u00f3sofo del l\u00edmite, que no de la limitaci\u00f3n. El fil\u00f3sofo que nos acerc\u00f3 al mapa del mundo. El mundo, ese lugar al cual \u00a0podemos aproximarnos \u00a0a la idea del mismo porque es pura dynamis, y por ello, jam\u00e1s pdoremos huir\u00a0. La dynamis es la emergencia del mundo en su continua [&hellip;]<!-- AddThis Advanced Settings generic via filter on get_the_excerpt --><!-- AddThis Share Buttons generic via filter on get_the_excerpt --><\/p>\n","protected":false},"author":41,"featured_media":0,"comment_status":"open","ping_status":"closed","sticky":false,"template":"","format":"standard","meta":[],"categories":[4],"tags":[107,169,202,240],"_links":{"self":[{"href":"https:\/\/blogs.elnortedecastilla.es\/asolasconloslibros\/index.php?rest_route=\/wp\/v2\/posts\/91"}],"collection":[{"href":"https:\/\/blogs.elnortedecastilla.es\/asolasconloslibros\/index.php?rest_route=\/wp\/v2\/posts"}],"about":[{"href":"https:\/\/blogs.elnortedecastilla.es\/asolasconloslibros\/index.php?rest_route=\/wp\/v2\/types\/post"}],"author":[{"embeddable":true,"href":"https:\/\/blogs.elnortedecastilla.es\/asolasconloslibros\/index.php?rest_route=\/wp\/v2\/users\/41"}],"replies":[{"embeddable":true,"href":"https:\/\/blogs.elnortedecastilla.es\/asolasconloslibros\/index.php?rest_route=%2Fwp%2Fv2%2Fcomments&post=91"}],"version-history":[{"count":0,"href":"https:\/\/blogs.elnortedecastilla.es\/asolasconloslibros\/index.php?rest_route=\/wp\/v2\/posts\/91\/revisions"}],"wp:attachment":[{"href":"https:\/\/blogs.elnortedecastilla.es\/asolasconloslibros\/index.php?rest_route=%2Fwp%2Fv2%2Fmedia&parent=91"}],"wp:term":[{"taxonomy":"category","embeddable":true,"href":"https:\/\/blogs.elnortedecastilla.es\/asolasconloslibros\/index.php?rest_route=%2Fwp%2Fv2%2Fcategories&post=91"},{"taxonomy":"post_tag","embeddable":true,"href":"https:\/\/blogs.elnortedecastilla.es\/asolasconloslibros\/index.php?rest_route=%2Fwp%2Fv2%2Ftags&post=91"}],"curies":[{"name":"wp","href":"https:\/\/api.w.org\/{rel}","templated":true}]}}