{"id":46,"date":"2018-12-29T11:33:47","date_gmt":"2018-12-29T10:33:47","guid":{"rendered":"https:\/\/blogs.elnortedecastilla.es\/campoatraves\/?p=46"},"modified":"2018-12-29T11:33:47","modified_gmt":"2018-12-29T10:33:47","slug":"baladronada-ministerial","status":"publish","type":"post","link":"https:\/\/blogs.elnortedecastilla.es\/campoatraves\/2018\/12\/29\/baladronada-ministerial\/","title":{"rendered":"Baladronada ministerial"},"content":{"rendered":"<p>&nbsp;<\/p>\n<p>Art\u00edculo publicado en &#8220;El Norte de Castilla&#8221; el lunes, 24 de dicembre de 2018<\/p>\n<p>&nbsp;<\/p>\n<p>Desde la toma de posesi\u00f3n de la dimitida Ministra de Sanidad, Consumo y Bienestar Social, D\u00f1a. Carmen Mont\u00f3n, y continuando con su sucesora D\u00f1a. Mar\u00eda Luisa Carcedo, en estrecha colaboraci\u00f3n con D. Pedro Duque, Ministro de Ciencia Innovaci\u00f3n y Universidades, se ha venido realizando una cruzada paternalista para salvar a los pobres y desvalidos ciudadanos espa\u00f1olitos de las insurgencias pseudo-terap\u00e9uticas y pseudo-cient\u00edficas. Esta campa\u00f1a, que no ha dejado demasiado t\u00edtere con cabeza, se ha dirigido curiosamente contra todo lo que no pase a engrosar la n\u00f3mina de las empresas farmac\u00e9uticas, incluyendo especialidades tan reconocidas como la acupuntura, y ha tenido amplio eco en los grandes medios de comunicaci\u00f3n, algunos de ellos de supuesto corte progresista.<\/p>\n<p>Los mismos ministros que presentaron en flamante rueda de prensa el mi\u00e9rcoles, 12 de noviembre en el Instituto de Salud Carlos III, el plan conjunto de Sanidad y Ciencia contra las pseudo-terapias no han tenido a bien explicar, en los mismos t\u00e9rminos y con parecida pompa, en una nueva rueda de prensa la respuesta oficial recibida desde la Uni\u00f3n Europea a las propuestas realizadas desde su Gobierno. Por ello me veo en la obligaci\u00f3n de transcribirlas textualmente en este art\u00edculo, pidiendo disculpas por ello, porque considero que para su conocimiento p\u00fablico la situaci\u00f3n lo justifica.<\/p>\n<p>Pregunta con solicitud de respuesta escrita a la Comisi\u00f3n Europea, c\u00f3digo E-004948\/2018, planteada el 28 de septiembre de 2018 por el Diputado socialista en el Parlamento Europeo, Jos\u00e9 Blanco L\u00f3pez seg\u00fan el Art\u00edculo 130 del Reglamento y con asunto: \u201dHomeopat\u00eda\u201d:<\/p>\n<p><em>\u2039\u2039Recientemente el Gobierno espa\u00f1ol ha trasladado a la Comisi\u00f3n Europea la conveniencia de modificar la legislaci\u00f3n vigente sobre la homeopat\u00eda. La Directiva 2001\/83\/CE por la que se establece un c\u00f3digo comunitario sobre medicamentos para uso humano dispone que \u00abtoda regulaci\u00f3n en materia de producci\u00f3n, distribuci\u00f3n o utilizaci\u00f3n de los medicamentos debe tener por objetivo esencial la salvaguardia de la salud p\u00fablica\u00bb. En este contexto, el Gobierno espa\u00f1ol ha estimado contrario a la citada Directiva considerar los productos homeop\u00e1ticos como medicamentos, al tiempo que ha considerado que ello produce confusi\u00f3n entre la poblaci\u00f3n en relaci\u00f3n con las propiedades de los productos y constituye un riesgo cada vez m\u00e1s notable para la salud de los consumidores.<\/em><\/p>\n<p><em>1)\u00a0\u00a0\u00a0\u00a0\u00a0\u00a0\u00a0\u00a0 \u00bfHa recibido la Comisi\u00f3n comunicaciones similares de otros Estados miembros en relaci\u00f3n con la conveniencia de modificar la legislaci\u00f3n vigente?<\/em><\/p>\n<p><em>2)\u00a0\u00a0\u00a0\u00a0\u00a0\u00a0\u00a0\u00a0 \u00bfPrev\u00e9 modificar las actuales definiciones de \u00abmedicamento\u00bb y \u00abmedicamento homeop\u00e1tico\u00bb recogidas en la Directiva 2001\/83\/CE y aprobar un marco regulador estandarizado que clarifique el escenario tanto a los profesionales sanitarios como a los ciudadanos?<\/em><\/p>\n<p><em>3)\u00a0\u00a0\u00a0\u00a0\u00a0\u00a0\u00a0\u00a0 \u00bfPrev\u00e9 prohibir los reclamos promocionales de eficacia, seguridad y calidad cuando no haya pruebas demostrables y reproducibles sobre los productos homeop\u00e1ticos?\u203a\u203a<\/em><\/p>\n<p>&nbsp;<\/p>\n<p>Respuesta de fecha 23 de noviembre de 2018 del Sr. Vytenis Andriukaitis actual Comisario Europeo de Salud y Seguridad Alimentaria, en nombre de la Comisi\u00f3n Europea:<\/p>\n<p>&nbsp;<\/p>\n<ul>\n<li><em>La Comisi\u00f3n no tiene constancia de solicitudes similares de otros Estados miembros para que se modifique la legislaci\u00f3n actual sobre los medicamentos homeop\u00e1ticos.<\/em><\/li>\n<\/ul>\n<p><em>\u00a0<\/em><\/p>\n<ul>\n<li><em>La Comisi\u00f3n considera que el marco normativo actual de los medicamentos homeop\u00e1ticos tiene en cuenta su car\u00e1cter espec\u00edfico y halla un equilibrio entre garantizar su calidad y seguridad e informar a los consumidores, incluyendo a los profesionales sanitarios, al tiempo que ofrece a los ciudadanos acceso a estos productos. En particular, los productores no asociar\u00e1n las declaraciones de car\u00e1cter cl\u00ednico con los medicamentos homeop\u00e1ticos sin que se haya demostrado su eficacia terap\u00e9utica. Adem\u00e1s, la etiqueta de estos productos incluir\u00e1 la indicaci\u00f3n \u00abmedicamento homeop\u00e1tico sin indicaciones terap\u00e9uticas aprobadas\u00bb y una advertencia para que el usuario consulte a un m\u00e9dico si los s\u00edntomas persisten. La Comisi\u00f3n no tiene previsto en esta fase evaluar ni modificar la legislaci\u00f3n sobre medicamentos homeop\u00e1ticos.<\/em><\/li>\n<\/ul>\n<p><em>\u00a0<\/em><\/p>\n<ul>\n<li><em>La Directiva 2001\/83\/CE exige que tanto los medicamentos homeop\u00e1ticos como los medicamentos convencionales se sometan al mismo control en t\u00e9rminos de fabricaci\u00f3n, distribuci\u00f3n y vigilancia farmacol\u00f3gica y establece disposiciones de seguridad espec\u00edficas para los medicamentos homeop\u00e1ticos sin declaraciones de propiedades terap\u00e9uticas. La Directiva especifica qu\u00e9 informaci\u00f3n puede emplearse para anunciar dichos productos y no permite el uso de informaci\u00f3n relativa a su eficacia cl\u00ednica.<\/em><\/li>\n<\/ul>\n<p><em>Compete al Estado miembro supervisar que la publicidad de los medicamentos sea conforme a la legislaci\u00f3n. Por \u00faltimo, los Estados miembros siguen teniendo libertad para adoptar acciones a escala nacional con el fin de incrementar la concienciaci\u00f3n en torno a las caracter\u00edsticas espec\u00edficas de los medicamentos homeop\u00e1ticos.<\/em><\/p>\n<p>Mi ingenuidad no alcanza hasta el punto de no reconocer que este intento de difusi\u00f3n no llegar\u00e1 ni de lejos a la que tuvo en los medios nacionales la bravuconada ministerial. Siempre he considerado que no es demasiado \u00e9tico lanzar la piedra y ocultar despu\u00e9s el resultado, especialmente cuando se ha hecho el rid\u00edculo tan internacionalmente.<\/p>\n<p>&nbsp;<\/p>\n<p>&nbsp;<\/p>\n","protected":false},"excerpt":{"rendered":"<p>&nbsp; Art\u00edculo publicado en &#8220;El Norte de Castilla&#8221; el lunes, 24 de dicembre de 2018 &nbsp; Desde la toma de posesi\u00f3n de la dimitida Ministra de Sanidad, Consumo y Bienestar Social, D\u00f1a. Carmen Mont\u00f3n, y continuando con su sucesora D\u00f1a. Mar\u00eda Luisa Carcedo, en estrecha colaboraci\u00f3n con D. Pedro Duque, Ministro de Ciencia Innovaci\u00f3n y [&hellip;]<\/p>\n","protected":false},"author":33,"featured_media":0,"comment_status":"open","ping_status":"closed","sticky":false,"template":"","format":"standard","meta":[],"categories":[1],"tags":[],"_links":{"self":[{"href":"https:\/\/blogs.elnortedecastilla.es\/campoatraves\/wp-json\/wp\/v2\/posts\/46"}],"collection":[{"href":"https:\/\/blogs.elnortedecastilla.es\/campoatraves\/wp-json\/wp\/v2\/posts"}],"about":[{"href":"https:\/\/blogs.elnortedecastilla.es\/campoatraves\/wp-json\/wp\/v2\/types\/post"}],"author":[{"embeddable":true,"href":"https:\/\/blogs.elnortedecastilla.es\/campoatraves\/wp-json\/wp\/v2\/users\/33"}],"replies":[{"embeddable":true,"href":"https:\/\/blogs.elnortedecastilla.es\/campoatraves\/wp-json\/wp\/v2\/comments?post=46"}],"version-history":[{"count":1,"href":"https:\/\/blogs.elnortedecastilla.es\/campoatraves\/wp-json\/wp\/v2\/posts\/46\/revisions"}],"predecessor-version":[{"id":47,"href":"https:\/\/blogs.elnortedecastilla.es\/campoatraves\/wp-json\/wp\/v2\/posts\/46\/revisions\/47"}],"wp:attachment":[{"href":"https:\/\/blogs.elnortedecastilla.es\/campoatraves\/wp-json\/wp\/v2\/media?parent=46"}],"wp:term":[{"taxonomy":"category","embeddable":true,"href":"https:\/\/blogs.elnortedecastilla.es\/campoatraves\/wp-json\/wp\/v2\/categories?post=46"},{"taxonomy":"post_tag","embeddable":true,"href":"https:\/\/blogs.elnortedecastilla.es\/campoatraves\/wp-json\/wp\/v2\/tags?post=46"}],"curies":[{"name":"wp","href":"https:\/\/api.w.org\/{rel}","templated":true}]}}