{"id":78,"date":"2022-02-28T21:20:41","date_gmt":"2022-02-28T20:20:41","guid":{"rendered":"https:\/\/blogs.elnortedecastilla.es\/campoatraves\/?p=78"},"modified":"2022-02-28T21:20:41","modified_gmt":"2022-02-28T20:20:41","slug":"vacunas-y-miocarditis","status":"publish","type":"post","link":"https:\/\/blogs.elnortedecastilla.es\/campoatraves\/2022\/02\/28\/vacunas-y-miocarditis\/","title":{"rendered":"Vacunas y miocarditis"},"content":{"rendered":"<p>Art\u00edculo <a href=\"https:\/\/diario16.com\/vacunas-y-miocarditis\/\" rel=\"external nofollow\">publicado en Diario 16<\/a> el\u00a0\u00a007\/02\/2022<\/p>\n<p>Hace unos d\u00edas, durante la pol\u00e9mica suscitada por el tenista Novak Djokovic, Diario 16 publicaba una <a href=\"https:\/\/diario16.com\/deportistas-y-atletas-que-dejaron-de-serlo\/\" rel=\"external nofollow\">sucinta revisi\u00f3n de art\u00edculos cient\u00edficos<\/a> que han relacionado las vacunas contra la COVID-19 con la miocarditis.<\/p>\n<p>Algunos medios han asegurado que estos casos en deportistas j\u00f3venes son producidos <a href=\"https:\/\/www.abc.es\/deportes\/abci-factura-covid-corazon-deportistas-202201270145_noticia.html\" rel=\"external nofollow\">por el propio coronavirus<\/a>, <a href=\"https:\/\/www.elmundo.es\/deportes\/2022\/01\/25\/61efb670fdddffbc688b45dc.html\" rel=\"external nofollow\">sin pruebas para ello<\/a>, aunque el virus desde luego no ser\u00e1 quien lo desmienta. El motivo es que la enfermedad puede incrementar el riesgo de sufrir miocarditis, pero la posibilidad de que se produzca en personas j\u00f3venes y sanas es pr\u00e1cticamente nula. Adem\u00e1s, los casos detectados no se han registrado de manera homog\u00e9nea desde el inicio de la pandemia, sino que por el contrario han experimentado un aumento continuo a partir de la primavera de 2021.<\/p>\n<p>Durante el mes de enero, se ha publicado en la importante revista cient\u00edfica JAMA (Journal of the American Medical Association) <a href=\"https:\/\/jamanetwork.com\/journals\/jama\/fullarticle\/2788346\" rel=\"external nofollow\">un art\u00edculo que demuestra<\/a>, a partir de los datos del VAERS americano (Vaccine Adverse Event Reporting System, el sistema oficial de notificaci\u00f3n de posibles eventos adversos por las vacunas), que el riesgo de miocarditis despu\u00e9s de recibir vacunas COVID-19 basadas en ARNm, aument\u00f3 en m\u00faltiples estratos de edad y sexo y fue m\u00e1s alto despu\u00e9s de la segunda dosis de vacunaci\u00f3n en hombres adolescentes y j\u00f3venes. De hecho, el 82% de los casos de miocarditis provocados por las vacunas fueron en hombres. Las tasas de miocarditis fueron m\u00e1s altas despu\u00e9s de la segunda dosis de vacunaci\u00f3n en varones adolescentes de 12 a 15 a\u00f1os (70,7 por mill\u00f3n de dosis de la vacuna Pfizer), de 16 a 17 a\u00f1os (105,9 por mill\u00f3n de dosis de la vacuna Pfizer) y en hombres j\u00f3venes de 18 a 24 a\u00f1os (52,4 y 56,3 por mill\u00f3n de dosis de la vacuna Pfizer y la vacuna Moderna, respectivamente).<\/p>\n<p>Por otra parte, es importante mencionar que los posibles casos que se notifican en el VAERS pueden ser, <a href=\"https:\/\/digital.ahrq.gov\/sites\/default\/files\/docs\/publication\/r18hs017045-lazarus-final-report-2011.pdf\" rel=\"external nofollow\">como se reconoce oficialmente<\/a>, solamente un peque\u00f1o porcentaje: \u201c<em>Los eventos adversos de los medicamentos y las vacunas son comunes, pero no se notifican. Aunque el 25% de los pacientes ambulatorios experimentan un evento adverso a medicamentos, menos del 0.3% de todos los eventos adversos a medicamentos y del 1 al 13 % de los eventos graves se notifican a la Administraci\u00f3n de Alimentos y Medicamentos (FDA). Asimismo, se notifican menos del 1% de los eventos adversos por las vacunas. Las bajas tasas de notificaci\u00f3n impiden o retrasan la identificaci\u00f3n de medicamentos y vacunas \u201cproblem\u00e1ticos\u201d que ponen en peligro la salud p\u00fablica\u201d.<\/em><\/p>\n<p>Teniendo en cuenta esta informaci\u00f3n, si multiplicamos por cien las cifras obtenidas en el estudio del JAMA desglosadas antes, el resultado podr\u00eda explicar mejor los <a href=\"https:\/\/goodsciencing.com\/covid\/athletes-suffer-cardiac-arrest-die-after-covid-shot\/\" rel=\"external nofollow\">numerosos casos de miocarditis en deportistas<\/a>, y otras personas j\u00f3venes, que se est\u00e1n registrando. Adem\u00e1s, los casos ocurridos en deportistas de \u00e9lite de distintas categor\u00edas son especialmente sospechosos, ya que se trata de las personas con m\u00e1s revisiones, seguimiento m\u00e9dico y monitorizaci\u00f3n de sus constantes vitales.<\/p>\n<p>Puesto que se han obtenido <a href=\"https:\/\/www.redaccionmedica.com\/secciones\/cardiologia\/el-riesgo-de-miocarditis-aumenta-con-las-vacunas-arnm-y-crece-en-cada-dosis-1174\" rel=\"external nofollow\">conclusiones similares en otros trabajos<\/a>, los riesgos, especialmente en ni\u00f1os, pueden superar peligrosamente los beneficios. Por ese motivo, algunos pa\u00edses ya han decidido <a href=\"https:\/\/www.reuters.com\/world\/europe\/sweden-decides-against-recommending-covid-vaccines-kids-aged-5-12-2022-01-27\/\" rel=\"external nofollow\">no recomendar vacunas COVID para ni\u00f1os de 5 a 11 a\u00f1os<\/a>.<\/p>\n","protected":false},"excerpt":{"rendered":"<p>Art\u00edculo publicado en Diario 16 el\u00a0\u00a007\/02\/2022 Hace unos d\u00edas, durante la pol\u00e9mica suscitada por el tenista Novak Djokovic, Diario 16 publicaba una sucinta revisi\u00f3n de art\u00edculos cient\u00edficos que han relacionado las vacunas contra la COVID-19 con la miocarditis. Algunos medios han asegurado que estos casos en deportistas j\u00f3venes son producidos por el propio coronavirus, sin [&hellip;]<\/p>\n","protected":false},"author":33,"featured_media":0,"comment_status":"open","ping_status":"closed","sticky":false,"template":"","format":"standard","meta":[],"categories":[1],"tags":[],"_links":{"self":[{"href":"https:\/\/blogs.elnortedecastilla.es\/campoatraves\/wp-json\/wp\/v2\/posts\/78"}],"collection":[{"href":"https:\/\/blogs.elnortedecastilla.es\/campoatraves\/wp-json\/wp\/v2\/posts"}],"about":[{"href":"https:\/\/blogs.elnortedecastilla.es\/campoatraves\/wp-json\/wp\/v2\/types\/post"}],"author":[{"embeddable":true,"href":"https:\/\/blogs.elnortedecastilla.es\/campoatraves\/wp-json\/wp\/v2\/users\/33"}],"replies":[{"embeddable":true,"href":"https:\/\/blogs.elnortedecastilla.es\/campoatraves\/wp-json\/wp\/v2\/comments?post=78"}],"version-history":[{"count":1,"href":"https:\/\/blogs.elnortedecastilla.es\/campoatraves\/wp-json\/wp\/v2\/posts\/78\/revisions"}],"predecessor-version":[{"id":79,"href":"https:\/\/blogs.elnortedecastilla.es\/campoatraves\/wp-json\/wp\/v2\/posts\/78\/revisions\/79"}],"wp:attachment":[{"href":"https:\/\/blogs.elnortedecastilla.es\/campoatraves\/wp-json\/wp\/v2\/media?parent=78"}],"wp:term":[{"taxonomy":"category","embeddable":true,"href":"https:\/\/blogs.elnortedecastilla.es\/campoatraves\/wp-json\/wp\/v2\/categories?post=78"},{"taxonomy":"post_tag","embeddable":true,"href":"https:\/\/blogs.elnortedecastilla.es\/campoatraves\/wp-json\/wp\/v2\/tags?post=78"}],"curies":[{"name":"wp","href":"https:\/\/api.w.org\/{rel}","templated":true}]}}