{"id":102,"date":"2011-01-05T22:58:00","date_gmt":"2011-01-05T22:58:00","guid":{"rendered":"http:\/\/blogs.elnortedecastilla.es\/cari\/?p=102"},"modified":"2011-01-05T22:58:00","modified_gmt":"2011-01-05T22:58:00","slug":"los-humos-mi-cabreo","status":"publish","type":"post","link":"https:\/\/blogs.elnortedecastilla.es\/cari\/2011\/01\/05\/los-humos-mi-cabreo\/","title":{"rendered":"LOS HUMOS DE MI CABREO"},"content":{"rendered":"\n<p class=\"MsoNormal\">Casi me averg\u00fcenza, esa es la verdad casi me averg\u00fcenza decir lo que siento como fumadora, pero no ser\u00eda sincera conmigo misma ni con mi blog si no lo hiciera, y esto lo digo porque ya sab\u00e9is que tiendo a mezclar los otros problemas del mundo mundial con lo que escribo en el momento.<\/p>\n<p class=\"MsoNormal\">Veamos,<span style=\"\">  <\/span>no es lo mismo:<\/p>\n<p class=\"MsoNormal\">Salir a fumar un cigarro a la calle,<\/p>\n<p class=\"MsoNormal\">No es lo mismo una tertulia con los amigos. Ahora cuando salgo a la calle tengo otra tertulia, llam\u00e9mosla, del cigarr\u00f3n, ya sab\u00e9is, por lo del botell\u00f3n, \u201caqu\u00ed he puesto la frase tonta de la semana\u201d.<\/p>\n<p class=\"MsoNormal\">Tomar un vinito, un caf\u00e9, un vermut, un mosto, una copa, o lo que demonios tomemos cada uno de los que somos \u201capestosos fumadores\u201d.<\/p>\n<p class=\"MsoNormal\">No es lo mismo NADA.<\/p>\n<p class=\"MsoNormal\">No es lo mismo, que te pongan una mesa con una par de sillas en la calle, con un par de ceniceros, \u00bfPor qu\u00e9? porque la gente que pasa al lado, mucha gente sonr\u00ede con ese gesto que detesto de \u201cte fastidias\u201d iba a escribir otra palabra m\u00e1s contundente, pero no ser\u00eda pol\u00edticamente correcta, y adem\u00e1s vosotr@s que me le\u00e9is merec\u00e9is un respeto, todo mi respeto.<\/p>\n<p class=\"MsoNormal\">No lo estoy llevando bien, nada bien, pero se me pasar\u00e1 y de paso fumar\u00e9 menos, esa es la parte buena de la \u201cimposici\u00f3n\u201d, del Decreto ley sin humos, cuando tantos malos humos hay por ah\u00ed. Supongo es una excusa m\u00e1s para mi real cabreo.<\/p>\n<p class=\"MsoNormal\">Sab\u00eda que esto me pasar\u00eda, a\u00fan as\u00ed me dicen que lo estoy llevando bastante bien, supongo es broma, pero de alguna manera lo agradezco cuando me lo dicen porque el cabreo me lo llevo a casa y no doy la sensaci\u00f3n de hist\u00e9rica perdida.<\/p>\n<p class=\"MsoNormal\">Pero\u2026 no s\u00e9 si importan mucho las sensaciones, no s\u00e9.<\/p>\n<p class=\"MsoNormal\">Hoy comentaba con una persona que compart\u00eda conmigo la calle y la lluvia, que esto pasar\u00e1, que otros pa\u00edses ya est\u00e1n acostumbrados, que dentro de un par de meses ya sabremos que ni siquiera tendremos que tener mono ni necesidad de inyectarnos en vena la nicotina, pero hoy por hoy, solo espero que este par de meses se pasen pronto.<\/p>\n<p class=\"MsoNormal\">Saludos blogueros , buenas noches.<\/p>\n<p class=\"MsoNormal\">\n<p class=\"MsoNormal\">\n<p class=\"MsoNormal\">\n<p class=\"MsoNormal\">\n<p class=\"MsoNormal\">\n<p class=\"MsoNormal\">\n","protected":false},"excerpt":{"rendered":"<p>Casi me averg\u00fcenza, esa es la verdad casi me averg\u00fcenza decir lo que siento como fumadora, pero no ser\u00eda sincera conmigo misma ni con mi blog si no lo hiciera, y esto lo digo porque ya sab\u00e9is que tiendo a mezclar los otros problemas del mundo mundial con lo que escribo en el momento. Veamos, [&hellip;]<\/p>\n","protected":false},"author":22,"featured_media":0,"comment_status":"open","ping_status":"closed","sticky":false,"template":"","format":"standard","meta":[],"categories":[],"tags":[448,670,1291,1641],"_links":{"self":[{"href":"https:\/\/blogs.elnortedecastilla.es\/cari\/wp-json\/wp\/v2\/posts\/102"}],"collection":[{"href":"https:\/\/blogs.elnortedecastilla.es\/cari\/wp-json\/wp\/v2\/posts"}],"about":[{"href":"https:\/\/blogs.elnortedecastilla.es\/cari\/wp-json\/wp\/v2\/types\/post"}],"author":[{"embeddable":true,"href":"https:\/\/blogs.elnortedecastilla.es\/cari\/wp-json\/wp\/v2\/users\/22"}],"replies":[{"embeddable":true,"href":"https:\/\/blogs.elnortedecastilla.es\/cari\/wp-json\/wp\/v2\/comments?post=102"}],"version-history":[{"count":0,"href":"https:\/\/blogs.elnortedecastilla.es\/cari\/wp-json\/wp\/v2\/posts\/102\/revisions"}],"wp:attachment":[{"href":"https:\/\/blogs.elnortedecastilla.es\/cari\/wp-json\/wp\/v2\/media?parent=102"}],"wp:term":[{"taxonomy":"category","embeddable":true,"href":"https:\/\/blogs.elnortedecastilla.es\/cari\/wp-json\/wp\/v2\/categories?post=102"},{"taxonomy":"post_tag","embeddable":true,"href":"https:\/\/blogs.elnortedecastilla.es\/cari\/wp-json\/wp\/v2\/tags?post=102"}],"curies":[{"name":"wp","href":"https:\/\/api.w.org\/{rel}","templated":true}]}}