{"id":103,"date":"2011-01-09T11:57:00","date_gmt":"2011-01-09T11:57:00","guid":{"rendered":"http:\/\/blogs.elnortedecastilla.es\/cari\/?p=103"},"modified":"2011-01-09T11:57:00","modified_gmt":"2011-01-09T11:57:00","slug":"la-relacion-bonita-bloguera","status":"publish","type":"post","link":"https:\/\/blogs.elnortedecastilla.es\/cari\/2011\/01\/09\/la-relacion-bonita-bloguera\/","title":{"rendered":"LA BONITA RELACION BLOGUERA"},"content":{"rendered":"\n<p class=\"MsoNormal\">Esa relaci\u00f3n que nace de opinar en los blogs, esa que a veces se convierte en amistad virtual pero importante en este mundo de relaciones humanas aunque sea a trav\u00e9s de la red.<\/p>\n<p class=\"MsoNormal\">De alguna manera cuando leo las opiniones de los distintos blogs veo que hay una especie de complicidad entre algunos lectores y el autor del mismo, o entre esos mismos lectores.<\/p>\n<p class=\"MsoNormal\">Y eso me gusta, creo que es una manera aunque un tanto original, de tener relaci\u00f3n con m\u00e1s personas que nos pueden enriquecer con sus opiniones.<\/p>\n<p class=\"MsoNormal\">Esta<span style=\"\">  <\/span>red social que es el mundo del blog tiene mucho que aportar, incluso cuando alguien se sale de madre, afortunadamente pocos son, y no digo lo de salirse de madre que tenga que estar de acuerdo en todo con quien escribe, hablo por supuesto de los que entrar a insultar y descalificar, ese supuesto tambi\u00e9n aporta<span style=\"\">  <\/span>saber lo que no deber\u00edamos hacer nunca, aprovechar el anonimato para soltar todas nuestras paranoias.<\/p>\n<p class=\"MsoNormal\">Pero hoy me quedo con esa parte positiva que es mayoritaria.<\/p>\n<p class=\"MsoNormal\">De paso aprovecho esta charla para agradecer a mis seguidores su fidelidad y su afecto, lo de virtual es lo de menos, de todos ellos aprendo y me emocionan porque pienso que a veces puede ser un martirio leerme :)<\/p>\n<p class=\"MsoNormal\">Ayer tuve una sorpresa cuando una buena amiga le encarg\u00f3 otra persona que opinara <span style=\"\"> <\/span>por ella en el \u00faltimo tema de mi blog, est\u00e1 ingresada y fue una sensaci\u00f3n agradable que alguien se acordara de este rinc\u00f3n para opinar, y m\u00e1s cuando est\u00e1 enferma, aunque espero que muy pronto est\u00e9 bien del todo y leer sus post y blogs llenos de sinceridad<span style=\"\">  <\/span>fuerza y solidaridad.<\/p>\n<p class=\"MsoNormal\">Esta amistad virtual bloguera, ya me gustar\u00eda que alg\u00fan d\u00eda se convirtiera real y  que nos podamos mirar a los ojos conoci\u00e9ndonos personalmente.<span style=\"\">  <\/span>Quiz\u00e1, todo se andar\u00e1\u2026<\/p>\n<p class=\"MsoNormal\"><span style=\"color: rgb(51, 102, 255);\">Va por ti Ana, hazme el favor de ponerte<span style=\"\"> <\/span>bien, \u00bfvale?<span style=\"\"> <\/span><span style=\"\"><\/span><\/span><span style=\"color: rgb(51, 102, 255);\">UN ABRAZO<\/span><\/p>\n<p class=\"MsoNormal\">\n<p class=\"MsoNormal\">Saludos blogueros.<\/p>\n<p class=\"MsoNormal\">\n<p class=\"MsoNormal\">\n<p class=\"MsoNormal\">\n<p class=\"MsoNormal\">\n","protected":false},"excerpt":{"rendered":"<p>Esa relaci\u00f3n que nace de opinar en los blogs, esa que a veces se convierte en amistad virtual pero importante en este mundo de relaciones humanas aunque sea a trav\u00e9s de la red. De alguna manera cuando leo las opiniones de los distintos blogs veo que hay una especie de complicidad entre algunos lectores y [&hellip;]<\/p>\n","protected":false},"author":22,"featured_media":0,"comment_status":"open","ping_status":"closed","sticky":false,"template":"","format":"standard","meta":[],"categories":[],"tags":[308,315,419,1549,1586,1636],"_links":{"self":[{"href":"https:\/\/blogs.elnortedecastilla.es\/cari\/wp-json\/wp\/v2\/posts\/103"}],"collection":[{"href":"https:\/\/blogs.elnortedecastilla.es\/cari\/wp-json\/wp\/v2\/posts"}],"about":[{"href":"https:\/\/blogs.elnortedecastilla.es\/cari\/wp-json\/wp\/v2\/types\/post"}],"author":[{"embeddable":true,"href":"https:\/\/blogs.elnortedecastilla.es\/cari\/wp-json\/wp\/v2\/users\/22"}],"replies":[{"embeddable":true,"href":"https:\/\/blogs.elnortedecastilla.es\/cari\/wp-json\/wp\/v2\/comments?post=103"}],"version-history":[{"count":0,"href":"https:\/\/blogs.elnortedecastilla.es\/cari\/wp-json\/wp\/v2\/posts\/103\/revisions"}],"wp:attachment":[{"href":"https:\/\/blogs.elnortedecastilla.es\/cari\/wp-json\/wp\/v2\/media?parent=103"}],"wp:term":[{"taxonomy":"category","embeddable":true,"href":"https:\/\/blogs.elnortedecastilla.es\/cari\/wp-json\/wp\/v2\/categories?post=103"},{"taxonomy":"post_tag","embeddable":true,"href":"https:\/\/blogs.elnortedecastilla.es\/cari\/wp-json\/wp\/v2\/tags?post=103"}],"curies":[{"name":"wp","href":"https:\/\/api.w.org\/{rel}","templated":true}]}}