{"id":104,"date":"2011-01-14T19:29:00","date_gmt":"2011-01-14T19:29:00","guid":{"rendered":"http:\/\/blogs.elnortedecastilla.es\/cari\/?p=104"},"modified":"2011-01-14T19:29:00","modified_gmt":"2011-01-14T19:29:00","slug":"imagenes-la-retina","status":"publish","type":"post","link":"https:\/\/blogs.elnortedecastilla.es\/cari\/2011\/01\/14\/imagenes-la-retina\/","title":{"rendered":"IM\u00c1GENES EN LA RETINA"},"content":{"rendered":"\n<p class=\"MsoNormal\">Creo que lo que entra por nuestros ojos en impresionante cada d\u00eda.<\/p>\n<p class=\"MsoNormal\">Creo que impresionante es que veamos im\u00e1genes que nos sobrecogen, nos entristecen, nos alegran, (las menos), nos dejan<span style=\"\">  <\/span>descolocados<span style=\"\">  <\/span>y ante las que no sabemos muy bien los sentimientos que tenemos, contradictorios a veces.<\/p>\n<p class=\"MsoNormal\">Ayer vi en la tele, (d\u00f3nde si no?<span style=\"\">  <\/span>Unas im\u00e1genes de las inundaciones de Brasil.<\/p>\n<p class=\"MsoNormal\">Las hay tambi\u00e9n en Australia, el cambio clim\u00e1tico est\u00e1 haciendo de las suyas, y a\u00fan hay gente que lo niega\u2026gente que ha muerto, gente que se ha quedado sin nada, y veo caballos nadando desesperados, agarr\u00e1ndose a los tejados de las casas para sobrevivir. Por ellos nada se puede hacer, es as\u00ed.<\/p>\n<p class=\"MsoNormal\">En fin ir\u00e9 al grano, a esa imagen que se me qued\u00f3 ayer, justo ayer, y hoy la he visto hasta la saciedad para mi desgracia por eso, porque ha quedado grabada en mi retina y s\u00f3lo comparti\u00e9ndola por estos lares creo me aliviar\u00e1.<\/p>\n<p class=\"MsoNormal\">Una mujer que la est\u00e1 arrastrando el agua de esas inundaciones terribles de Brasil, abrazando a su perro como algo que no quiere perder, cae al agua, el perro sigue con ella, pero un gran remolino, una cuerda a la que ella tiene que asirse con las dos manos, no tiene manos extras para su mascota, ella es rescatada para alivio de todos los que vemos esas secuencias terribles\u2026el animal desaparece debajo de esas aguas turbulentas y crueles que se lleva toda esperanza.<\/p>\n<p class=\"MsoNormal\">Bravo porque ella sigue ah\u00ed, bravo, seguro ella quer\u00eda a su perro all\u00ed salvado de las aguas, no puedo ser.<\/p>\n<p class=\"MsoNormal\">Y perdonarme forer@s por este otro punto de vista, jam\u00e1s dejando aparte a nosotros, personas, que a veces somos tan crueles con ellos, no es el caso que nos ocupa, al contrario, pero a veces quiero ser un poco la voz de esos que no pueden gritar ni pedir auxilio, aunque haya personas a su lado que les quieren y desean que sigan con ellos\u2026 <\/p>\n<p class=\"MsoNormal\">No pudo ser, no puede ser.<\/p>\n<p class=\"MsoNormal\">Saludos blogueros.<\/p>\n<p class=\"MsoNormal\">\n<p class=\"MsoNormal\">\n<p class=\"MsoNormal\">\n<p class=\"MsoNormal\">\n","protected":false},"excerpt":{"rendered":"<p>Creo que lo que entra por nuestros ojos en impresionante cada d\u00eda. Creo que impresionante es que veamos im\u00e1genes que nos sobrecogen, nos entristecen, nos alegran, (las menos), nos dejan descolocados y ante las que no sabemos muy bien los sentimientos que tenemos, contradictorios a veces. Ayer vi en la tele, (d\u00f3nde si no? Unas [&hellip;]<\/p>\n","protected":false},"author":22,"featured_media":0,"comment_status":"open","ping_status":"closed","sticky":false,"template":"","format":"standard","meta":[],"categories":[],"tags":[369,430,445,698,1014,1198],"_links":{"self":[{"href":"https:\/\/blogs.elnortedecastilla.es\/cari\/wp-json\/wp\/v2\/posts\/104"}],"collection":[{"href":"https:\/\/blogs.elnortedecastilla.es\/cari\/wp-json\/wp\/v2\/posts"}],"about":[{"href":"https:\/\/blogs.elnortedecastilla.es\/cari\/wp-json\/wp\/v2\/types\/post"}],"author":[{"embeddable":true,"href":"https:\/\/blogs.elnortedecastilla.es\/cari\/wp-json\/wp\/v2\/users\/22"}],"replies":[{"embeddable":true,"href":"https:\/\/blogs.elnortedecastilla.es\/cari\/wp-json\/wp\/v2\/comments?post=104"}],"version-history":[{"count":0,"href":"https:\/\/blogs.elnortedecastilla.es\/cari\/wp-json\/wp\/v2\/posts\/104\/revisions"}],"wp:attachment":[{"href":"https:\/\/blogs.elnortedecastilla.es\/cari\/wp-json\/wp\/v2\/media?parent=104"}],"wp:term":[{"taxonomy":"category","embeddable":true,"href":"https:\/\/blogs.elnortedecastilla.es\/cari\/wp-json\/wp\/v2\/categories?post=104"},{"taxonomy":"post_tag","embeddable":true,"href":"https:\/\/blogs.elnortedecastilla.es\/cari\/wp-json\/wp\/v2\/tags?post=104"}],"curies":[{"name":"wp","href":"https:\/\/api.w.org\/{rel}","templated":true}]}}