{"id":105,"date":"2011-01-21T12:47:00","date_gmt":"2011-01-21T12:47:00","guid":{"rendered":"http:\/\/blogs.elnortedecastilla.es\/cari\/?p=105"},"modified":"2011-01-21T12:47:00","modified_gmt":"2011-01-21T12:47:00","slug":"esos-frios-despertares","status":"publish","type":"post","link":"https:\/\/blogs.elnortedecastilla.es\/cari\/2011\/01\/21\/esos-frios-despertares\/","title":{"rendered":"ESOS FR\u00cdOS DESPERTARES"},"content":{"rendered":"\n<p class=\"MsoNormal\">Acabo de poner la calefacci\u00f3n, y me envuelve ese calor que mi cuerpo y mi alma necesitan.<\/p>\n<p class=\"MsoNormal\">Esto ha dado paso para hacer una peque\u00f1a reflexi\u00f3n sobre ese invierno que nos sobrecoge, que nos da menos horas de luz y m\u00e1s tristeza en l\u00edneas generales.<\/p>\n<p class=\"MsoNormal\">Tal parece que nos encogemos, nos hacemos como un ovillo creyendo as\u00ed que el calor llegar\u00e1.<\/p>\n<p class=\"MsoNormal\">Pero no llega. Ya, ya s\u00e9 blogueros m\u00edos, llegar\u00e1\u2026<\/p>\n<p class=\"MsoNormal\">Es larga esta estaci\u00f3n del a\u00f1o, muy larga y aqu\u00ed en Castilla se me hace eterna, el clima m\u00e1s severo que de donde vengo hace que est\u00e9 deseando que el sol caliente mi f\u00edsico y mi coraz\u00f3n.<\/p>\n<p class=\"MsoNormal\">Quien me lo iba a decir cuando llegu\u00e9 a Valladolid, en los primeros veranos que pas\u00e9 aqu\u00ed cada d\u00eda me levantaba con la ilusi\u00f3n de que las nubes ocultaran el sol. Supongo ese sol da\u00f1aba unos ojos acostumbrados a los d\u00edas oscuros, a la niebla y al Chirimiri.<\/p>\n<p class=\"MsoNormal\">Eso hace que me pregunte \u00bfcu\u00e1nto podemos cambiar, c\u00f3mo podemos llegar a pedir lo que antes no quer\u00edamos ver ni de lejos?<\/p>\n<p class=\"MsoNormal\">Supongo que se llama adaptaci\u00f3n al entorno. Ahora deseo el sol de Castilla, aunque a veces aplane, aunque a veces me tueste.<\/p>\n<p class=\"MsoNormal\">As\u00ed que aqu\u00ed me ten\u00e9is, esperando que llegue al menos la primavera, porque el fr\u00edo de Castilla me entumece, me agobia y me deja hecha unos zorros.<\/p>\n<p class=\"MsoNormal\">Bueno, hoy voy de quejica del tiempo, lo mismo llega el verano y los cuarenta grados me desarman y mi irritan\u2026supongo son las contradicciones que tenemos los seres humanos, unos m\u00e1s que otros,<span style=\"\">  <\/span>yo debo ser de las de m\u00e1s. :)<\/p>\n<p class=\"MsoNormal\">No s\u00e9 yo si estoy una miaja depre, pero habr\u00e1 que levantarse a pesar del<span style=\"\">  <\/span>fr\u00edo porque esta bloguera no se lo puede permitir , lo de estar deprimida quiero decir.<\/p>\n<p class=\"MsoNormal\">\n<p class=\"MsoNormal\">Saludos bloguer@s.<\/p>\n<p class=\"MsoNormal\">\n<p class=\"MsoNormal\">\n<p class=\"MsoNormal\">\n","protected":false},"excerpt":{"rendered":"<p>Acabo de poner la calefacci\u00f3n, y me envuelve ese calor que mi cuerpo y mi alma necesitan. Esto ha dado paso para hacer una peque\u00f1a reflexi\u00f3n sobre ese invierno que nos sobrecoge, que nos da menos horas de luz y m\u00e1s tristeza en l\u00edneas generales. Tal parece que nos encogemos, nos hacemos como un ovillo [&hellip;]<\/p>\n","protected":false},"author":22,"featured_media":0,"comment_status":"open","ping_status":"closed","sticky":false,"template":"","format":"standard","meta":[],"categories":[],"tags":[473,505,535,889,1679],"_links":{"self":[{"href":"https:\/\/blogs.elnortedecastilla.es\/cari\/wp-json\/wp\/v2\/posts\/105"}],"collection":[{"href":"https:\/\/blogs.elnortedecastilla.es\/cari\/wp-json\/wp\/v2\/posts"}],"about":[{"href":"https:\/\/blogs.elnortedecastilla.es\/cari\/wp-json\/wp\/v2\/types\/post"}],"author":[{"embeddable":true,"href":"https:\/\/blogs.elnortedecastilla.es\/cari\/wp-json\/wp\/v2\/users\/22"}],"replies":[{"embeddable":true,"href":"https:\/\/blogs.elnortedecastilla.es\/cari\/wp-json\/wp\/v2\/comments?post=105"}],"version-history":[{"count":0,"href":"https:\/\/blogs.elnortedecastilla.es\/cari\/wp-json\/wp\/v2\/posts\/105\/revisions"}],"wp:attachment":[{"href":"https:\/\/blogs.elnortedecastilla.es\/cari\/wp-json\/wp\/v2\/media?parent=105"}],"wp:term":[{"taxonomy":"category","embeddable":true,"href":"https:\/\/blogs.elnortedecastilla.es\/cari\/wp-json\/wp\/v2\/categories?post=105"},{"taxonomy":"post_tag","embeddable":true,"href":"https:\/\/blogs.elnortedecastilla.es\/cari\/wp-json\/wp\/v2\/tags?post=105"}],"curies":[{"name":"wp","href":"https:\/\/api.w.org\/{rel}","templated":true}]}}