{"id":106,"date":"2011-01-23T11:35:00","date_gmt":"2011-01-23T11:35:00","guid":{"rendered":"http:\/\/blogs.elnortedecastilla.es\/cari\/?p=106"},"modified":"2011-01-23T11:35:00","modified_gmt":"2011-01-23T11:35:00","slug":"felinos-detras-mi-puerta","status":"publish","type":"post","link":"https:\/\/blogs.elnortedecastilla.es\/cari\/2011\/01\/23\/felinos-detras-mi-puerta\/","title":{"rendered":"FELINOS DETR\u00c1S DE MI PUERTA"},"content":{"rendered":"\n<p class=\"MsoNormal\">Hoy quiero dedicar mi charla a mis gatos, gato y gata.<\/p>\n<p class=\"MsoNormal\">Y quiero contaros esa historia que es m\u00e1s que posible importe m\u00e1s bien poco a la mayor\u00eda, pero a mi s\u00ed me importa.<\/p>\n<p class=\"MsoNormal\">En casa desde que mi hijo empez\u00f3 a querer a los animales, hemos tenido animalitos, esto sucedi\u00f3 en cuantito tuvo uso de raz\u00f3n como se suele decir\u2026.pues eso, hemos tenido, tortugas, <A href=\"http:\/\/www.google.es\/search?hl=es&#038;client=firefox-a&#038;hs=9Qm&#038;rls=org.mozilla:es-ES:official&#038;channel=s&#038;&#038;sa=X&#038;ei=Q1U7Td_mMZeR4gbbr8zeCg&#038;ved=0CCkQBSgA&#038;q=Hamster&#038;spell=1\"><strong><em>Hamster<\/em><\/strong><\/a> , periquitos \u2026 todos de alguna manera murieron de muerte natural con el consiguiente trauma de mi criatura.<\/p>\n<p class=\"MsoNormal\">Luego sigue ese deseo de tener un animal en casa, tuvimos una preciosa perra Cocker, tuvimos que sacrificarla, pocas veces he llorado tanto, mi hijo me daba \u00e1nimos y estaba<span style=\"\">  <\/span>peor que yo.<\/p>\n<p class=\"MsoNormal\">Luego tir\u00e9 todo lo que ten\u00eda que ver con mi perra, mi querida perra\u2026<\/p>\n<p class=\"MsoNormal\">Pas\u00f3 un tiempo, alguien nos ofreci\u00f3 un gato de una finca, reci\u00e9n nacido, la \u201cdesgracia\u201d<span style=\"\">  <\/span>fue que nos lo ofrecieron estando mi hijo delante, as\u00ed que lo cog\u00edamos, s\u00ed, o s\u00ed.<\/p>\n<p class=\"MsoNormal\">Ese siam\u00e9s incre\u00edble, un buen d\u00eda, entra en la habitaci\u00f3n de mi hija, ventana abierta, un descuido, paloma en la ventana, ca\u00edda libre de diez pisos\u2026 as\u00ed sin paraca\u00eddas. El gato sobrevive quince d\u00edas, al final sus \u00f3rganos vitales fallaron, pero esos d\u00edas est\u00e1bamos todos en casa pendientes de su vida de gato, al que quer\u00edamos, no sufr\u00eda por lo que nos dec\u00eda el veterinario, por las pastillas que le d\u00e1bamos, en fin\u2026<\/p>\n<p class=\"MsoNormal\">Despu\u00e9s de esto os pod\u00e9is imaginar que para nada quer\u00eda ya animales, pero voy un d\u00eda a un centro comercial, veo a un siam\u00e9s esquel\u00e9tico, en una jaula al lado de otros muy saludables, entro en la tienda y pregunto qu\u00e9 porqu\u00e9 ese gato est\u00e1 as\u00ed, me dice la dependienta que los otros gatos no le dejan comer\u2026\u00bf\u00bf\u00bf??? <\/p>\n<p class=\"MsoNormal\">El gato me miraba, o yo cre\u00eda que me miraba, quien sabe, le dije a la moza, \u201cyo me lo llevo\u201d,un poema la cara de la dependienta.<\/p>\n<p class=\"MsoNormal\">Y me lo llev\u00e9, un saco de huesos, una mirada triste, pero aqu\u00ed lo tengo tan feliz, tan felino, tan independiente, pero tan cercano.<\/p>\n<p class=\"MsoNormal\">Ni que decir tiene que puse mosquiteras en casa, porque el paraca\u00eddas no ven\u00eda incluido en<span style=\"\">  <\/span>el lote felino.<\/p>\n<p class=\"MsoNormal\">La historia acaba cuando mi hijo al cabo de unos meses se encuentra a una gatita (lo de gatita lo supimos despu\u00e9s), <span style=\"\"> <\/span>le ocupaba justo la palma de su mano, reci\u00e9n nacida, y me la sube a casa, estaba abandonada en las verjas del colegio de enfrente de casa. Esa misma noche el gato despu\u00e9s del <span style=\"\"> <\/span>bufido correspondiente porque iba a ocupar su territorio, <span style=\"\"> <\/span>la arrop\u00f3 con \u00e9l y ya no hubo m\u00e1s problema.<\/p>\n<p class=\"MsoNormal\">Y aqu\u00ed est\u00e1 Cari, con dos preciosos gatos, castrados, ambos dos, y d\u00e1ndome mucho m\u00e1s de lo que yo les doy seguro, yo les proporciono comida, agua, su arena higi\u00e9nica, y alg\u00fan mimo cuando ellos quieren recibirlo, pero esos ojos de gato que veo en la noche brillar, esos ronroneos, y esa independencia unida al cari\u00f1o que nos dan y demuestran m\u00e1s el que nosotros les damos, no es muy f\u00e1cil de explicar.<\/p>\n<p class=\"MsoNormal\">Me resist\u00eda a escribir sobre esto, hace tiempo ten\u00eda guardado en documento lo que hoy p\u00fablico, pero<span style=\"\">  <\/span>a\u00fan pensando que os aburrir\u00e9, no me he querido resistir a contar esta peque\u00f1a historia, cuyos protagonistas les tengo mir\u00e1ndome al lado del ordenador.<\/p>\n<p class=\"MsoNormal\">Y <span style=\"\"> <\/span>me esperan detr\u00e1s de la puerta, con esa fidelidad que los humanos vemos como una rutina cuando alguien entra en casa.<\/p>\n<p class=\"MsoNormal\">Saludos blogueros, y perd\u00f3n por la extensi\u00f3n de hoy, pero al menos para m\u00ed ha merecido la pena, los que teng\u00e1is animales seguro lo entend\u00e9is. <\/p>\n<p class=\"MsoNormal\">\n<p class=\"MsoNormal\">\n<p class=\"MsoNormal\">\n<p class=\"MsoNormal\">\n<p class=\"MsoNormal\">\n","protected":false},"excerpt":{"rendered":"<p>Hoy quiero dedicar mi charla a mis gatos, gato y gata. Y quiero contaros esa historia que es m\u00e1s que posible importe m\u00e1s bien poco a la mayor\u00eda, pero a mi s\u00ed me importa. En casa desde que mi hijo empez\u00f3 a querer a los animales, hemos tenido animalitos, esto sucedi\u00f3 en cuantito tuvo uso [&hellip;]<\/p>\n","protected":false},"author":22,"featured_media":0,"comment_status":"open","ping_status":"closed","sticky":false,"template":"","format":"standard","meta":[],"categories":[],"tags":[561,914,1369],"_links":{"self":[{"href":"https:\/\/blogs.elnortedecastilla.es\/cari\/wp-json\/wp\/v2\/posts\/106"}],"collection":[{"href":"https:\/\/blogs.elnortedecastilla.es\/cari\/wp-json\/wp\/v2\/posts"}],"about":[{"href":"https:\/\/blogs.elnortedecastilla.es\/cari\/wp-json\/wp\/v2\/types\/post"}],"author":[{"embeddable":true,"href":"https:\/\/blogs.elnortedecastilla.es\/cari\/wp-json\/wp\/v2\/users\/22"}],"replies":[{"embeddable":true,"href":"https:\/\/blogs.elnortedecastilla.es\/cari\/wp-json\/wp\/v2\/comments?post=106"}],"version-history":[{"count":0,"href":"https:\/\/blogs.elnortedecastilla.es\/cari\/wp-json\/wp\/v2\/posts\/106\/revisions"}],"wp:attachment":[{"href":"https:\/\/blogs.elnortedecastilla.es\/cari\/wp-json\/wp\/v2\/media?parent=106"}],"wp:term":[{"taxonomy":"category","embeddable":true,"href":"https:\/\/blogs.elnortedecastilla.es\/cari\/wp-json\/wp\/v2\/categories?post=106"},{"taxonomy":"post_tag","embeddable":true,"href":"https:\/\/blogs.elnortedecastilla.es\/cari\/wp-json\/wp\/v2\/tags?post=106"}],"curies":[{"name":"wp","href":"https:\/\/api.w.org\/{rel}","templated":true}]}}