{"id":108,"date":"2011-01-29T13:09:00","date_gmt":"2011-01-29T13:09:00","guid":{"rendered":"http:\/\/blogs.elnortedecastilla.es\/cari\/?p=108"},"modified":"2011-01-29T13:09:00","modified_gmt":"2011-01-29T13:09:00","slug":"los-dias-la-ira","status":"publish","type":"post","link":"https:\/\/blogs.elnortedecastilla.es\/cari\/2011\/01\/29\/los-dias-la-ira\/","title":{"rendered":"LOS DIAS DE LA IRA"},"content":{"rendered":"\n<p class=\"MsoNormal\">Y no hablo de esa ira que recorre distintos pa\u00edses en nombre de la sangre joven que no se resigna a tanta indecencia con sus est\u00f3magos vacios, y con los de esos mismos indecentes muy llenos.<\/p>\n<p class=\"MsoNormal\">Hablo de esa otra ira que a veces dejamos escapar, da\u00f1ando a nuestro pr\u00f3jimo, no importa qui\u00e9n sea el pr\u00f3jimo.<\/p>\n<p class=\"MsoNormal\">Es muy f\u00e1cil hacer da\u00f1o \u00bfos lo hab\u00e9is preguntado alguna vez? Una simple frase, un simple tono de voz, una mirada de menosprecio hacia un semejante.<\/p>\n<p class=\"MsoNormal\">Es f\u00e1cil cortar las alas a quien quiere volar, esas alas en nombre del puro machismo cada vez pesan m\u00e1s, cada vez tienen menos capacidad de elevar el vuelo.<\/p>\n<p class=\"MsoNormal\">Hay jaulas de oro y fango al mismo tiempo, el oro para un \u201cte quiero\u201d el fango para una mala palabra, para una amenaza, o para una pu\u00f1alada.<\/p>\n<p class=\"MsoNormal\">Muchas mujeres siguen creyendo que el oro merece la pena, aunque de vez en cuando se enfanguen, creen que el oro siempre estar\u00e1 ah\u00ed \u00bfprotegi\u00e9ndola?<\/p>\n<p class=\"MsoNormal\">Craso error, supongo que por eso hay miles de mujeres que no denuncian a pesar de que les est\u00e1n cortando las alas y pisando su dignidad.<\/p>\n<p class=\"MsoNormal\">Y esto viene a cuento de una charla que escuch\u00e9 el otro d\u00eda del secretario contra la violencia de g\u00e9nero y una de las frases que dijo <span style=\"color: rgb(102, 102, 204);\">\u201clo primero que hace el maltratador es apartar a su v\u00edctima de su entorno\u201d<\/span>. Esto da mucho que pensar.<\/p>\n<p class=\"MsoNormal\">Y esto viene a cuento de que en lo que va de a\u00f1o y mes, ya <span style=\"\"><\/span>han muerto cuatro mujeres, el otro d\u00eda viendo en la tele como sacaban el cad\u00e1ver de una asesinada m\u00e1s se me ocurri\u00f3 que al final la ira estalla en una de sus formas m\u00e1s sangrientas.<\/p>\n<p class=\"MsoNormal\">Otra consecuencia a la que a veces no le damos importancia, de padres violentos, hijos violentos, afortunadamente no siempre, pero cada vez m\u00e1s j\u00f3venes atosigan, y maltratan de una forma u otra a sus novias, o parejas y lo que es peor, ellas creen que eso es ser muy macho, y que es que las quieren por encima de todo, y que los celos son una consecuencia de ese \u00bfamor? Creo no saben que est\u00e1n a las puertas de infierno que en esa relaci\u00f3n no ha hecho m\u00e1s que empezar.<\/p>\n<p class=\"MsoNormal\">Poder volar es un derecho, poder tener una vida propia es imprescindible para nuestra autoestima.<\/p>\n<p class=\"MsoNormal\">S\u00e9 que en este tema quedan ya pocas cosas por decir que no se hayan dicho, pero pienso que de vez en cuando hay que recordar que nadie en nombre de nada, puede soltar su ira contra un ser humano como si fuera un saco de boxeo.<\/p>\n<p class=\"MsoNormal\">\u00bfCu\u00e1ndo lo entenderemos las mujeres?<\/p>\n<p class=\"MsoNormal\">Saludos bloguer@s<\/p>\n<p class=\"MsoNormal\">\n","protected":false},"excerpt":{"rendered":"<p>Y no hablo de esa ira que recorre distintos pa\u00edses en nombre de la sangre joven que no se resigna a tanta indecencia con sus est\u00f3magos vacios, y con los de esos mismos indecentes muy llenos. Hablo de esa otra ira que a veces dejamos escapar, da\u00f1ando a nuestro pr\u00f3jimo, no importa qui\u00e9n sea el [&hellip;]<\/p>\n","protected":false},"author":22,"featured_media":0,"comment_status":"open","ping_status":"closed","sticky":false,"template":"","format":"standard","meta":[],"categories":[],"tags":[313,851,1063,1077,1344],"_links":{"self":[{"href":"https:\/\/blogs.elnortedecastilla.es\/cari\/wp-json\/wp\/v2\/posts\/108"}],"collection":[{"href":"https:\/\/blogs.elnortedecastilla.es\/cari\/wp-json\/wp\/v2\/posts"}],"about":[{"href":"https:\/\/blogs.elnortedecastilla.es\/cari\/wp-json\/wp\/v2\/types\/post"}],"author":[{"embeddable":true,"href":"https:\/\/blogs.elnortedecastilla.es\/cari\/wp-json\/wp\/v2\/users\/22"}],"replies":[{"embeddable":true,"href":"https:\/\/blogs.elnortedecastilla.es\/cari\/wp-json\/wp\/v2\/comments?post=108"}],"version-history":[{"count":0,"href":"https:\/\/blogs.elnortedecastilla.es\/cari\/wp-json\/wp\/v2\/posts\/108\/revisions"}],"wp:attachment":[{"href":"https:\/\/blogs.elnortedecastilla.es\/cari\/wp-json\/wp\/v2\/media?parent=108"}],"wp:term":[{"taxonomy":"category","embeddable":true,"href":"https:\/\/blogs.elnortedecastilla.es\/cari\/wp-json\/wp\/v2\/categories?post=108"},{"taxonomy":"post_tag","embeddable":true,"href":"https:\/\/blogs.elnortedecastilla.es\/cari\/wp-json\/wp\/v2\/tags?post=108"}],"curies":[{"name":"wp","href":"https:\/\/api.w.org\/{rel}","templated":true}]}}