{"id":119,"date":"2011-03-03T16:22:00","date_gmt":"2011-03-03T16:22:00","guid":{"rendered":"http:\/\/blogs.elnortedecastilla.es\/cari\/?p=119"},"modified":"2011-03-03T16:22:00","modified_gmt":"2011-03-03T16:22:00","slug":"esas-zonas-sombra","status":"publish","type":"post","link":"https:\/\/blogs.elnortedecastilla.es\/cari\/2011\/03\/03\/esas-zonas-sombra\/","title":{"rendered":"ESAS ZONAS DE SOMBRA\u2026"},"content":{"rendered":"\n<p class=\"MsoNormal\">He estado pensando el t\u00edtulo, despu\u00e9s de no saber muy bien lo que voy a escribir, manda narices. Bueno, si que lo s\u00e9 pero ignoro si lo sabr\u00e9 expresar.<\/p>\n<p class=\"MsoNormal\">Supongo quiero escribir sobre el descontento, sobre cuando alguien te pone entre la espada y la pared, y eso es terriblemente injusto, sobre cuando ves mucha hipocres\u00eda disfrazada de \u201centendimiento\u201d a tu alrededor.<\/p>\n<p class=\"MsoNormal\">Supongo que todos los seres humanos tenemos ese lado da\u00f1ino, ese lado oculto, ese lado de sombra.<\/p>\n<p class=\"MsoNormal\">Y cuando sale a la superficie (suele estar agazapado) vemos c\u00f3mo duele, cu\u00e1nto duele.<\/p>\n<p class=\"MsoNormal\">Pero lo mismo ya es tarde para darse cuenta, lo mismo se nos cae esa persona que era algo m\u00e1s en nuestras vidas, y descubres como con tantas cosas que los \u00eddolos, amig@s, son de barro, como al final somos todos.<\/p>\n<p class=\"MsoNormal\">No s\u00e9 la integridad hasta d\u00f3nde puede llegar en nuestros d\u00edas, no s\u00e9 hasta d\u00f3nde se puede confiar en las personas, y este \u201cno s\u00e9\u201d lo repito hasta la saciedad, porque es mi verdad, que no s\u00e9 nada de nada, pero lo peor es cuando descubres eso que cre\u00edas saber y eres la m\u00e1s ignorante de esta vida que nos arrastra, donde la fidelidad y el saber escuchar es un bien escaso, muy escaso.<\/p>\n<p class=\"MsoNormal\">Y ya que lo de esta bloguera es escribir sobre las complicaciones y vivencias, sobre lo rutinario, sobre lo que nos ocurre cada d\u00eda, pues me gustar\u00eda saber si soy yo sola la que tiene estas sensaciones, o si estoy acompa\u00f1ada en la m\u00e1s pura decepci\u00f3n que sentimos los seres humanos. Supongo que s\u00ed, que no estoy sola en esto, quiz\u00e1 la diferencia est\u00e1 en que me valgo de este blog para expresarlo.<\/p>\n<p class=\"MsoNormal\">Decepci\u00f3n que supongo ayuda adquirir experiencias que procuraremos no repetir, m\u00e1s que nada por lo que duelen, por el vac\u00edo que dejan\u2026<\/p>\n<p class=\"MsoNormal\">Esas sombras supongo al final dejan una parte positiva, as\u00ed debe ser y as\u00ed ser\u00e1.<\/p>\n<p class=\"MsoNormal\">Se har\u00e1 la luz, siempre de alguna manera se ve la claridad, afortunadamente.<\/p>\n<p class=\"MsoNormal\">Ignoro si esta charla ha quedado meridianamente clara, o confusa a tope, pero lo mismo alguien sabe de qu\u00e9 hablo por experiencias parecidas, decepciones, sombras, luces, en fin, personas que se nos van cayendo como un castillo de arena. <\/p>\n<p class=\"MsoNormal\">Nunca aprenderemos, hay que confiar en estos seres humanos que nos acompa\u00f1an por el camino de la vida, despu\u00e9s llegaran otros&#8230; siempre llegan otros.<\/p>\n<p class=\"MsoNormal\">\n<p class=\"MsoNormal\">Saludos blogueros.<\/p>\n<p class=\"MsoNormal\">\n<p class=\"MsoNormal\">\n","protected":false},"excerpt":{"rendered":"<p>He estado pensando el t\u00edtulo, despu\u00e9s de no saber muy bien lo que voy a escribir, manda narices. Bueno, si que lo s\u00e9 pero ignoro si lo sabr\u00e9 expresar. Supongo quiero escribir sobre el descontento, sobre cuando alguien te pone entre la espada y la pared, y eso es terriblemente injusto, sobre cuando ves mucha [&hellip;]<\/p>\n","protected":false},"author":22,"featured_media":0,"comment_status":"open","ping_status":"closed","sticky":false,"template":"","format":"standard","meta":[],"categories":[],"tags":[311,669,1008,1052,1155,1689],"_links":{"self":[{"href":"https:\/\/blogs.elnortedecastilla.es\/cari\/wp-json\/wp\/v2\/posts\/119"}],"collection":[{"href":"https:\/\/blogs.elnortedecastilla.es\/cari\/wp-json\/wp\/v2\/posts"}],"about":[{"href":"https:\/\/blogs.elnortedecastilla.es\/cari\/wp-json\/wp\/v2\/types\/post"}],"author":[{"embeddable":true,"href":"https:\/\/blogs.elnortedecastilla.es\/cari\/wp-json\/wp\/v2\/users\/22"}],"replies":[{"embeddable":true,"href":"https:\/\/blogs.elnortedecastilla.es\/cari\/wp-json\/wp\/v2\/comments?post=119"}],"version-history":[{"count":0,"href":"https:\/\/blogs.elnortedecastilla.es\/cari\/wp-json\/wp\/v2\/posts\/119\/revisions"}],"wp:attachment":[{"href":"https:\/\/blogs.elnortedecastilla.es\/cari\/wp-json\/wp\/v2\/media?parent=119"}],"wp:term":[{"taxonomy":"category","embeddable":true,"href":"https:\/\/blogs.elnortedecastilla.es\/cari\/wp-json\/wp\/v2\/categories?post=119"},{"taxonomy":"post_tag","embeddable":true,"href":"https:\/\/blogs.elnortedecastilla.es\/cari\/wp-json\/wp\/v2\/tags?post=119"}],"curies":[{"name":"wp","href":"https:\/\/api.w.org\/{rel}","templated":true}]}}