{"id":127,"date":"2011-04-02T16:15:00","date_gmt":"2011-04-02T16:15:00","guid":{"rendered":"http:\/\/blogs.elnortedecastilla.es\/cari\/?p=127"},"modified":"2011-04-02T16:15:00","modified_gmt":"2011-04-02T16:15:00","slug":"esa-foto-esos-buitres","status":"publish","type":"post","link":"https:\/\/blogs.elnortedecastilla.es\/cari\/2011\/04\/02\/esa-foto-esos-buitres\/","title":{"rendered":"Esa foto, esos BUITRES"},"content":{"rendered":"\n<p class=\"MsoNormal\">\n<p class=\"MsoNormal\">Es una pena que no sepa esta bloguera poner fotos en su blog pero supongo como me dijo un amable bloguero no necesito fotos.<\/p>\n<p class=\"MsoNormal\">Porque hoy hubiera puesto (salvando las distancias por supuesto) esa foto terrible que gan\u00f3 el premio Pulizzer el 1994, Kevin Carter capt\u00f3 al buitre al acecho de esa pobre criatura agonizante, acab\u00f3 suicid\u00e1ndose dicen que por no haber prestado ayuda, no lo s\u00e9, hay quien dice que lo del suicido es una leyenda.<\/p>\n<p class=\"MsoNormal\">Y hoy esa foto es Zapatero, es para alguien que lo deja como candidato, sea el momento oportuno o no lo sea. <\/p>\n<p class=\"MsoNormal\">\u00a1Qu\u00e9 asco da la pol\u00edtica!.<\/p>\n<p class=\"MsoNormal\">M\u00e1s que nada porque nunca estar\u00e1 nada bien decida lo que decida el mandatario de turno, <span style=\"\">  <\/span>despu\u00e9s de o\u00edr algunas voces de la oposici\u00f3n me ha llegado a la mente esa foto del buitre, no es por supuesto que compare al presidente con la ni\u00f1a sin oportunidad,<span style=\"\">  <\/span>pero si a los buitres con todas.<\/p>\n<p class=\"MsoNormal\">Si hoy no hubiera anunciado esto, se le habr\u00eda criticado por no hacerlo, y como lo ha hecho, pues tambi\u00e9n, hasta dentro de su propias filas.<\/p>\n<p class=\"MsoNormal\">Procuro no escribir sobre este mundo del politiqueo que me parece falso, corrupto y que nos la meten doblada todos, pero tengo mis ideas y me asquea hasta un grado superlativo todo lo que leo y veo para bien de la causa llamada URNA, a veces meto alguna puntilla en los blogs pero no es mi tema al menos al 100% porque mi prioridad es sobrevivir a todas las falsedades de unos y otros y llegar a fin de mes.<\/p>\n<p class=\"MsoNormal\">Y ahora ya todos nos sabemos el gui\u00f3n que sigue a esto y la apat\u00eda se hace manifiesta ante lo que nos espera, menos para los medios de comunicaci\u00f3n que ya tienen tema una vez m\u00e1s, normal por otra parte.<\/p>\n<p class=\"MsoNormal\">Primarias, duelos intestinos, aunque todo el mundo lo niegue y ah\u00ed la oposici\u00f3n agazapada esperando que el adversario caiga ya de una pu\u00f1etera vez, que ya est\u00e1n tardando, que es que ahora mismo las encuestas les dicen que es el momento, a quien se le ocurre esperar ni un segundo m\u00e1s para que en la carrera alguien reviente y gane el que m\u00e1s ha corrido, el que m\u00e1s sucio haya  jugado, o el m\u00e1s h\u00e1bil para darnos en los morros.<\/p>\n<p class=\"MsoNormal\">Que no nos pase nada hasta el 22-M y hasta las generales\u2026<\/p>\n<p class=\"MsoNormal\">Creo que me he soltado el pelo m\u00e1s de la cuenta en esto, pero mejor solt\u00e1rmelo aqu\u00ed que no darme de tortas reales con alguien.<\/p>\n<p class=\"MsoNormal\">Las tortas virtuales parece son m\u00e1s llevaderas.<\/p>\n<p class=\"MsoNormal\">La carro\u00f1a que comen esos buitres les es necesaria para sobrevivir, hasta ah\u00ed bien, pero cuando son de \u201cdos patas\u201d ya no tan bien, es indecente, por parte de sea quien sea el buitre, zurdo o diestro.<\/p>\n<p class=\"MsoNormal\">\n<p class=\"MsoNormal\">Saludos blogueros.<\/p>\n","protected":false},"excerpt":{"rendered":"<p>Es una pena que no sepa esta bloguera poner fotos en su blog pero supongo como me dijo un amable bloguero no necesito fotos. Porque hoy hubiera puesto (salvando las distancias por supuesto) esa foto terrible que gan\u00f3 el premio Pulizzer el 1994, Kevin Carter capt\u00f3 al buitre al acecho de esa pobre criatura agonizante, [&hellip;]<\/p>\n","protected":false},"author":22,"featured_media":0,"comment_status":"open","ping_status":"closed","sticky":false,"template":"","format":"standard","meta":[],"categories":[],"tags":[342,438,498,1457,1485,1807,1889],"_links":{"self":[{"href":"https:\/\/blogs.elnortedecastilla.es\/cari\/wp-json\/wp\/v2\/posts\/127"}],"collection":[{"href":"https:\/\/blogs.elnortedecastilla.es\/cari\/wp-json\/wp\/v2\/posts"}],"about":[{"href":"https:\/\/blogs.elnortedecastilla.es\/cari\/wp-json\/wp\/v2\/types\/post"}],"author":[{"embeddable":true,"href":"https:\/\/blogs.elnortedecastilla.es\/cari\/wp-json\/wp\/v2\/users\/22"}],"replies":[{"embeddable":true,"href":"https:\/\/blogs.elnortedecastilla.es\/cari\/wp-json\/wp\/v2\/comments?post=127"}],"version-history":[{"count":0,"href":"https:\/\/blogs.elnortedecastilla.es\/cari\/wp-json\/wp\/v2\/posts\/127\/revisions"}],"wp:attachment":[{"href":"https:\/\/blogs.elnortedecastilla.es\/cari\/wp-json\/wp\/v2\/media?parent=127"}],"wp:term":[{"taxonomy":"category","embeddable":true,"href":"https:\/\/blogs.elnortedecastilla.es\/cari\/wp-json\/wp\/v2\/categories?post=127"},{"taxonomy":"post_tag","embeddable":true,"href":"https:\/\/blogs.elnortedecastilla.es\/cari\/wp-json\/wp\/v2\/tags?post=127"}],"curies":[{"name":"wp","href":"https:\/\/api.w.org\/{rel}","templated":true}]}}