{"id":153,"date":"2011-06-10T12:05:00","date_gmt":"2011-06-10T12:05:00","guid":{"rendered":"http:\/\/blogs.elnortedecastilla.es\/cari\/?p=153"},"modified":"2011-06-10T12:05:00","modified_gmt":"2011-06-10T12:05:00","slug":"las-gafas-sol","status":"publish","type":"post","link":"https:\/\/blogs.elnortedecastilla.es\/cari\/2011\/06\/10\/las-gafas-sol\/","title":{"rendered":"LAS GAFAS DE SOL"},"content":{"rendered":"\n<p class=\"MsoNormal\">La verdad es que desde muy jovencita las uso, quiz\u00e1 tenga algo de fotofobia, no lo s\u00e9, nunca me lo he mirado me las pongo y punto.<\/p>\n<p class=\"MsoNormal\">Los d\u00edas luminosos, ese azul del cielo precioso no puedo apreciarlo en su esplendor, nunca pude.<\/p>\n<p class=\"MsoNormal\"><span style=\"\"><\/span>La luz intensa del sol me produce un dolor de cabeza de no te menees.<\/p>\n<p class=\"MsoNormal\">Pero no hablar\u00e9 hoy del tema en sentido \u00f3ptico o fisiol\u00f3gico.<\/p>\n<p class=\"MsoNormal\">Hablar\u00e9 de lo que pueden ocultar unas gafas:<\/p>\n<p class=\"MsoNormal\">Ocultan esa mirada triste, esos ojos hinchados de llorar, una alergia,<span style=\"\">  <\/span>ese hematoma del golpe indecente, esas ojeras, ese <span style=\"\"> <\/span>mirar para otro lado sin que nadie se d\u00e9 cuenta, o mirar lo que quieras <span style=\"\"> <\/span>o a quien quieras sin que nadie tampoco se percate. A veces hay un poco de picard\u00eda en esto \u00faltimo.<\/p>\n<p class=\"MsoNormal\">Ah!, se me olvidaba, tambi\u00e9n ocultan esas patitas de gallo, lo de patas, suena fuerte.<span style=\"\">  <\/span><span style=\"font-family: Wingdings;\"><span style=\"\">:)<\/span><\/span><\/p>\n<p class=\"MsoNormal\">Los ojos son la expresi\u00f3n de c\u00f3mo nos sentimos, son con los que analizamos al que tenemos enfrente, son la mirada perdida, son el bien, el mal, el deseo, el aburrimiento, es nuestro mensaje corporal m\u00e1s inmediato.<\/p>\n<p class=\"MsoNormal\">As\u00ed que hay d\u00edas que aunque el sol se niegue a salir, nos las colocamos en ocasiones para ponernos<span style=\"\"> <\/span>a la defensiva, o quiz\u00e1 para sentirnos<span style=\"\"> <\/span>menos vulnerables.<\/p>\n<p class=\"MsoNormal\">Ese vidrio oscuro al final nos protege de algo m\u00e1s que el sol, las mujeres sobre todo lo sabemos muy bien, nos guarda el secreto de lo que no queremos vea el mundo.<\/p>\n<p class=\"MsoNormal\">Cuando veo a una mujer con unas gafas de sol puestas incluso en d\u00eda nublado, s\u00e9 que siempre hay un motivo.<\/p>\n<p>  Son nuestras aliadas cuando no queremos que nuestros ojos sean un libro abierto,  <span style=\"\"> <\/span>quiz\u00e1 son el m\u00e9todo para seguir siendo an\u00f3nimos, e individuales, nosotros mismos, sin que nadie nos cuestione, quiz\u00e1 es ese disfraz que en ocasiones necesitamos.<\/p>\n<p class=\"MsoNormal\">Supongo en fin,<span style=\"\">  <\/span>son eso que a veces necesitamos cuando no queremos formar parte del escaparate del mundo.<\/p>\n<p class=\"MsoNormal\">Saludos blogueros<\/p>\n<p class=\"MsoNormal\">\n<p class=\"MsoNormal\">\n","protected":false},"excerpt":{"rendered":"<p>La verdad es que desde muy jovencita las uso, quiz\u00e1 tenga algo de fotofobia, no lo s\u00e9, nunca me lo he mirado me las pongo y punto. Los d\u00edas luminosos, ese azul del cielo precioso no puedo apreciarlo en su esplendor, nunca pude. La luz intensa del sol me produce un dolor de cabeza de [&hellip;]<\/p>\n","protected":false},"author":22,"featured_media":0,"comment_status":"open","ping_status":"closed","sticky":false,"template":"","format":"standard","meta":[],"categories":[],"tags":[788,901,1259,1325,1679],"_links":{"self":[{"href":"https:\/\/blogs.elnortedecastilla.es\/cari\/wp-json\/wp\/v2\/posts\/153"}],"collection":[{"href":"https:\/\/blogs.elnortedecastilla.es\/cari\/wp-json\/wp\/v2\/posts"}],"about":[{"href":"https:\/\/blogs.elnortedecastilla.es\/cari\/wp-json\/wp\/v2\/types\/post"}],"author":[{"embeddable":true,"href":"https:\/\/blogs.elnortedecastilla.es\/cari\/wp-json\/wp\/v2\/users\/22"}],"replies":[{"embeddable":true,"href":"https:\/\/blogs.elnortedecastilla.es\/cari\/wp-json\/wp\/v2\/comments?post=153"}],"version-history":[{"count":0,"href":"https:\/\/blogs.elnortedecastilla.es\/cari\/wp-json\/wp\/v2\/posts\/153\/revisions"}],"wp:attachment":[{"href":"https:\/\/blogs.elnortedecastilla.es\/cari\/wp-json\/wp\/v2\/media?parent=153"}],"wp:term":[{"taxonomy":"category","embeddable":true,"href":"https:\/\/blogs.elnortedecastilla.es\/cari\/wp-json\/wp\/v2\/categories?post=153"},{"taxonomy":"post_tag","embeddable":true,"href":"https:\/\/blogs.elnortedecastilla.es\/cari\/wp-json\/wp\/v2\/tags?post=153"}],"curies":[{"name":"wp","href":"https:\/\/api.w.org\/{rel}","templated":true}]}}