{"id":163,"date":"2011-07-04T16:30:00","date_gmt":"2011-07-04T16:30:00","guid":{"rendered":"http:\/\/blogs.elnortedecastilla.es\/cari\/?p=163"},"modified":"2011-07-04T16:30:00","modified_gmt":"2011-07-04T16:30:00","slug":"con-permiso-de","status":"publish","type":"post","link":"https:\/\/blogs.elnortedecastilla.es\/cari\/2011\/07\/04\/con-permiso-de\/","title":{"rendered":"CON PERMISO DE&#8230;"},"content":{"rendered":"<p><span style=\"font-size: 11pt; line-height: 115%; font-family: \"Calibri\",\"sans-serif\"; color: maroon;\"><span style=\"color: rgb(102, 51, 255);\"><\/p>\n<p>Calder\u00f3n de la Barca: <\/span><\/span><span style=\"font-size: 11pt; line-height: 115%; font-family: \"Calibri\",\"sans-serif\"; color: maroon;\"><span style=\"color: rgb(102, 51, 255);\">Cuentan de un sabio que un d\u00eda \u2026<\/span><\/p>\n<p><\/span>  <\/p>\n<p class=\"MsoNormal\"><span style=\"color: maroon;\">S\u00f3lo que podemos cambiar esas hierbas o migas, por alimentos, ropa, colillas, por muchas cosas., que parece nos sobran.<br \/>\n<\/span><\/p>\n<p class=\"MsoNormal\"><span style=\"color: maroon;\">Ayer me impresion\u00f3 ver una persona<span style=\"\">  <\/span>cogiendo colillas de esos ceniceros <span style=\"\"> <\/span>de arena que hay en la puerta de algunos bares, <span style=\"\"> <\/span>s\u00f3lo recuerdo haber visto algo parecido una vez en urgencias del Cl\u00ednico que hab\u00eda un indigente que ya era como de la familia, iba recogiendo las colillas del suelo. De esto ya hace mucho tiempo.<\/span><\/p>\n<p class=\"MsoNormal\"><span style=\"color: maroon;\">La persona que vi ayer no cumpl\u00eda con &#8220;el patr\u00f3n&#8221; <\/span><span style=\"color: maroon;\">para nada,<\/span><span style=\"color: maroon;\"> y eso es lo que m\u00e1s me sorprendi\u00f3.<\/span> Tenemos patrones para todo y nos desconcierta el que algo o alguien no lo cumpla.<\/p>\n<p class=\"MsoNormal\"><span style=\"color: maroon;\">Supongo que cuando no se llega a fin de mes, que cuando en casa s\u00f3lo se sobrevive malamente o con la ayudas de otras personas, lo que menos se puede es comprar es un paquete de tabaco.<\/span><\/p>\n<p class=\"MsoNormal\"><span style=\"color: maroon;\">Hoy leo en el Norte de Castilla un informe sobre los vallisoletanos que tienen que recibir ayuda para sus productos b\u00e1sicos. Y esto ya no es que me impresione, es que me sacude la conciencia.<\/span><\/p>\n<p class=\"MsoNormal\"><span style=\"color: maroon;\">Pienso en alguna charla de esas que a veces escribo superficiales, sobre el calor, dietas, y cosillas varias, y cuando leo o veo estas cosas quiero meterme en un agujero, pero no hay agujeros bastantes blogueros, no los<span style=\"\">  <\/span>hay.<\/span><\/p>\n<p class=\"MsoNormal\"><span style=\"color: maroon;\">Creo que todos hemos visto alguna vez personas asomadas a los contenedores estirando sus brazos para ver si algo es \u201caprovechable\u201d, o esa fruta o productos que no est\u00e1n ya precisamente en el mejor estado, a ellos,<\/span><span style=\"color: maroon;\">les sirve, lo mismo es la diferencia de poder comer o no.<\/span><\/p>\n<p class=\"MsoNormal\"><span style=\"color: maroon;\">Lo que nosotros tiramos, otros lo recogen, nuestro Calder\u00f3n de la Barca m\u00e1s real que nunca al d\u00eda de hoy.<\/span><\/p>\n<p class=\"MsoNormal\"><span style=\"color: maroon;\">Hoy veo tambi\u00e9n que m\u00e1s de 26.000 ni\u00f1os mueren cada d\u00eda, son muchos ni\u00f1os, demasiados, uno solo ya ser\u00eda terrible, por falta de vacunas y agua potable, ellos ni siquiera tienen lo que arrojan los dem\u00e1s, porque la caba\u00f1a de al lado nada tiene que le sobre, no hay desperdicio ninguno, casi s\u00f3lo aprovechan la nada.<br \/>\n<\/span><\/p>\n<p class=\"MsoNormal\"><span style=\"color: maroon;\">\u00bfCon qu\u00e9 nos quedamos?<\/span><\/p>\n<p class=\"MsoNormal\"><span style=\"color: maroon;\">Posiblemente con todo y con nada, dentro de un par de horas, se nos olvida, la memoria duele, es un espejo en el que no nos gusta mirarnos, as\u00ed que por pura supervivencia mental nos deshacemos del espejo y de la memoria.<\/span><\/p>\n<p class=\"MsoNormal\"><span style=\"color: maroon;\">Buenas tardes blogueros.<\/span><\/p>\n<p class=\"MsoNormal\"><span style=\"color: maroon;\"> <\/span><\/p>\n<p class=\"MsoNormal\"><span style=\"color: maroon;\"> <\/span><\/p>\n<p class=\"MsoNormal\"><span style=\"color: maroon;\"> <\/span><\/p>\n<p>  <br style=\"\"><span style=\"font-size: 11pt; line-height: 115%; font-family: \"Calibri\",\"sans-serif\"; color: maroon;\"> <br style=\"\"> <\/span><\/p>\n","protected":false},"excerpt":{"rendered":"<p>Calder\u00f3n de la Barca: Cuentan de un sabio que un d\u00eda \u2026 S\u00f3lo que podemos cambiar esas hierbas o migas, por alimentos, ropa, colillas, por muchas cosas., que parece nos sobran. Ayer me impresion\u00f3 ver una persona cogiendo colillas de esos ceniceros de arena que hay en la puerta de algunos bares, s\u00f3lo recuerdo haber [&hellip;]<\/p>\n","protected":false},"author":22,"featured_media":0,"comment_status":"open","ping_status":"closed","sticky":false,"template":"","format":"standard","meta":[],"categories":[],"tags":[277,565,799,1815,1819],"_links":{"self":[{"href":"https:\/\/blogs.elnortedecastilla.es\/cari\/wp-json\/wp\/v2\/posts\/163"}],"collection":[{"href":"https:\/\/blogs.elnortedecastilla.es\/cari\/wp-json\/wp\/v2\/posts"}],"about":[{"href":"https:\/\/blogs.elnortedecastilla.es\/cari\/wp-json\/wp\/v2\/types\/post"}],"author":[{"embeddable":true,"href":"https:\/\/blogs.elnortedecastilla.es\/cari\/wp-json\/wp\/v2\/users\/22"}],"replies":[{"embeddable":true,"href":"https:\/\/blogs.elnortedecastilla.es\/cari\/wp-json\/wp\/v2\/comments?post=163"}],"version-history":[{"count":0,"href":"https:\/\/blogs.elnortedecastilla.es\/cari\/wp-json\/wp\/v2\/posts\/163\/revisions"}],"wp:attachment":[{"href":"https:\/\/blogs.elnortedecastilla.es\/cari\/wp-json\/wp\/v2\/media?parent=163"}],"wp:term":[{"taxonomy":"category","embeddable":true,"href":"https:\/\/blogs.elnortedecastilla.es\/cari\/wp-json\/wp\/v2\/categories?post=163"},{"taxonomy":"post_tag","embeddable":true,"href":"https:\/\/blogs.elnortedecastilla.es\/cari\/wp-json\/wp\/v2\/tags?post=163"}],"curies":[{"name":"wp","href":"https:\/\/api.w.org\/{rel}","templated":true}]}}