{"id":166,"date":"2011-07-09T01:41:00","date_gmt":"2011-07-09T01:41:00","guid":{"rendered":"http:\/\/blogs.elnortedecastilla.es\/cari\/?p=166"},"modified":"2011-07-09T01:41:00","modified_gmt":"2011-07-09T01:41:00","slug":"cuando-nos-toman-pelo","status":"publish","type":"post","link":"https:\/\/blogs.elnortedecastilla.es\/cari\/2011\/07\/09\/cuando-nos-toman-pelo\/","title":{"rendered":"CUANDO NOS TOMAN EL PELO"},"content":{"rendered":"\n<p class=\"MsoNormal\">\u00bfOs hab\u00e9is sentido alguna vez indignados porque se han quedado con vuestra melena?<\/p>\n<p class=\"MsoNormal\">Pues hoy estoy que me subo por las paredes.<\/p>\n<p class=\"MsoNormal\">Creo que a veces somos demasiado buenos, demasiado pac\u00edficos, demasiado tontos y pasivos ante abusos varios.<\/p>\n<p class=\"MsoNormal\">Hablo de peluquer\u00edas, tiendas, restaurantes, y todo lo que sea \u201cnegocio\u201d, si pueden d\u00e1rtela con queso lo hacen sin despeinarse, y encima casi les das las gracias, por eso de la educaci\u00f3n.<\/p>\n<p class=\"MsoNormal\">Hoy una peluquer\u00eda me ha perdido como clienta, pero no he sido ni demasiado tonta, ni pasiva, ni me he callado por eso de la educaci\u00f3n, y la tengo, educaci\u00f3n, blogueros la tengo, pero no me gusta que me tomen el pelo impunemente.<\/p>\n<p class=\"MsoNormal\">Cuando pagas por un servicio que te han dado, al menos deber\u00edas <span style=\"\"> <\/span>salir contenta, eso es lo normal.<\/p>\n<p class=\"MsoNormal\">Cuando en ese servicio el cliente es algo para ganar dinero y nada m\u00e1s, algo falla, y hablo de clientes de siempre, quiz\u00e1 por eso de la confianza se abusa.\u00bfPues nada, hablar\u00e9 con el jefe, ese jefe que lleva mucho tiempo qued\u00e1ndose con las clientas, y ganando mucho dinero de paso.<\/p>\n<p class=\"MsoNormal\">Conmigo ya no ganar\u00e1n m\u00e1s.<\/p>\n<p class=\"MsoNormal\">Y estoy\u201dindignada\u201d con perd\u00f3n de los otros indignados entre los que me encuentro.<\/p>\n<p class=\"MsoNormal\">Pero por verg\u00fcenza torera he pagado, claro que les ha quedado claro, que me iba descontenta, y que no volver\u00e9.<\/p>\n<p class=\"MsoNormal\">As\u00ed, cualquier negocio ego\u00edsta, que s\u00f3lo mira a esa persona que entra por la puerta y es caja registradora, m\u00e1s pronto que tarde se ir\u00e1 al traste, a no ser que tengamos muchas tragaderas, y yo no las tengo ni mucha gente tampoco, afortunadamente<\/p>\n<p class=\"MsoNormal\">Y hoy que he vivido una experiencia incre\u00edble de falta de profesionalidad, que estoy muy cabreada, que tengo la cara como un cromo, pues eso, as\u00ed nos va, de no saber nada de nada del cliente que les visita, de no mimarle, para que vuelva, luego se quejan&#8230; hay que fastidiarse.<\/p>\n<p class=\"MsoNormal\">Si denunci\u00e1ramos todas esas cosas que no son normales, que van todo en pos de recaudar, de salir del paso, del \u201ctente mientras cobro\u201d, quiz\u00e1, s\u00f3lo quiz\u00e1, las cosas y las personas empezaran a funcionar mejor.<\/p>\n<p class=\"MsoNormal\">\n<p class=\"MsoNormal\">Al cliente hay que tratarle bien, <span style=\"\"> <\/span>si, BIEN,<span style=\"\">  <\/span>con may\u00fasculas porque es el que paga, el que os hace vivir, mejor, siempre MEJOR, s\u00f3lo hay que ver como mejoran en modelo de coche, o como se van a vivir a la urbanizaci\u00f3n de turno, pero no con mi dinero, no con el fraude, no con mi silencio.<\/p>\n<p class=\"MsoNormal\">\n<p class=\"MsoNormal\">Salir de un negocio, una peluquer\u00eda en este caso, con la sensaci\u00f3n de que te han timado es realmente desagradable.<\/p>\n<p class=\"MsoNormal\">Y en estos tiempos en que los negocio, el trabajo es un bien escaso no s\u00e9 si pueden permitirse el lujo de perder clientes, o lo mismo si, visto lo visto.<\/p>\n<p class=\"MsoNormal\">\n<p class=\"MsoNormal\">Desde luego no quiero generalizar pero \u00faltimamente estoy viendo demasiada chapuza por ah\u00ed, algo pasa, o lo mismo me he vuelto demasiado exigente&#8230; lo mismo es eso.<\/p>\n<p class=\"MsoNormal\">\n<p class=\"MsoNormal\">Saludos blogueros.<\/p>\n<p class=\"MsoNormal\">\n<p class=\"MsoNormal\">\n<p class=\"MsoNormal\">\n","protected":false},"excerpt":{"rendered":"<p>\u00bfOs hab\u00e9is sentido alguna vez indignados porque se han quedado con vuestra melena? Pues hoy estoy que me subo por las paredes. Creo que a veces somos demasiado buenos, demasiado pac\u00edficos, demasiado tontos y pasivos ante abusos varios. Hablo de peluquer\u00edas, tiendas, restaurantes, y todo lo que sea \u201cnegocio\u201d, si pueden d\u00e1rtela con queso lo [&hellip;]<\/p>\n","protected":false},"author":22,"featured_media":0,"comment_status":"open","ping_status":"closed","sticky":false,"template":"","format":"standard","meta":[],"categories":[],"tags":[556,883,1027,1287,1770],"_links":{"self":[{"href":"https:\/\/blogs.elnortedecastilla.es\/cari\/wp-json\/wp\/v2\/posts\/166"}],"collection":[{"href":"https:\/\/blogs.elnortedecastilla.es\/cari\/wp-json\/wp\/v2\/posts"}],"about":[{"href":"https:\/\/blogs.elnortedecastilla.es\/cari\/wp-json\/wp\/v2\/types\/post"}],"author":[{"embeddable":true,"href":"https:\/\/blogs.elnortedecastilla.es\/cari\/wp-json\/wp\/v2\/users\/22"}],"replies":[{"embeddable":true,"href":"https:\/\/blogs.elnortedecastilla.es\/cari\/wp-json\/wp\/v2\/comments?post=166"}],"version-history":[{"count":0,"href":"https:\/\/blogs.elnortedecastilla.es\/cari\/wp-json\/wp\/v2\/posts\/166\/revisions"}],"wp:attachment":[{"href":"https:\/\/blogs.elnortedecastilla.es\/cari\/wp-json\/wp\/v2\/media?parent=166"}],"wp:term":[{"taxonomy":"category","embeddable":true,"href":"https:\/\/blogs.elnortedecastilla.es\/cari\/wp-json\/wp\/v2\/categories?post=166"},{"taxonomy":"post_tag","embeddable":true,"href":"https:\/\/blogs.elnortedecastilla.es\/cari\/wp-json\/wp\/v2\/tags?post=166"}],"curies":[{"name":"wp","href":"https:\/\/api.w.org\/{rel}","templated":true}]}}