{"id":167,"date":"2011-07-11T16:44:00","date_gmt":"2011-07-11T16:44:00","guid":{"rendered":"http:\/\/blogs.elnortedecastilla.es\/cari\/?p=167"},"modified":"2011-07-11T16:44:00","modified_gmt":"2011-07-11T16:44:00","slug":"que-sensaciones-dispares","status":"publish","type":"post","link":"https:\/\/blogs.elnortedecastilla.es\/cari\/2011\/07\/11\/que-sensaciones-dispares\/","title":{"rendered":"\u00a1QU\u00c9 SENSACIONES DISPARES!"},"content":{"rendered":"\n<p class=\"MsoNormal\">Hablaba hace un rato sobre dos cosas muy diferentes en una peque\u00f1a tertulia.<\/p>\n<p class=\"MsoNormal\">Ese barco hundido en el Volga.<\/p>\n<p class=\"MsoNormal\">El aniversario del mundial en que Espa\u00f1a nos hizo sufrir, llorar, emocionarnos, vibrar.<\/p>\n<p class=\"MsoNormal\">Y como me gusta hablar en vivo y en directo de todo lo vivido, hablado, divino,y humano, os digo <span style=\"\"> <\/span>como me he sentido esta ma\u00f1ana a primera hora, escuchando un telediario, madrugo demasiado, me entero demasiado pronto de las noticias, casi siempre malas.<\/p>\n<p class=\"MsoNormal\">Ese barco\u2026entre <span style=\"\"> <\/span>los ciento y pico cad\u00e1veres, treinta ni\u00f1os, <span style=\"\"><\/span>la diferencia de los adultos, todos ten\u00edan derecho a vivir <span style=\"\"> <\/span>pero parece que los ni\u00f1os a\u00fan no habr\u00edan empezado a hacerlo y eso nos conmueve m\u00e1s si cabe. Ese barco que segu\u00eda navegando con a\u00f1os ya caducados \u00bfresponsabilidades?, seguro que de nadie, los muertos no las piden, los familiares aparte del dolor, a veces s\u00f3lo les queda esperar esa justicia que no llega, o tarda a\u00f1os. A los que ya no les llegar\u00e1n son los que se han ido.<\/p>\n<p class=\"MsoNormal\">Y mi piel en los titulares de ese telediario se ha abierto por todos sus poros, ayer con Facundo Cabral, del que se ha hablado hoy magn\u00edficamente en estos blogs de mis entretelas.<\/p>\n<p class=\"MsoNormal\">Pero hoy, el presente siempre supera al pasado, esa piel de punta, esa sensaci\u00f3n de fr\u00edo con treinta grados, era por dos motivos muy diferentes, muy dispares, muy contradictorios.<\/p>\n<p class=\"MsoNormal\">Y cuando ha llegado el tiempo de los deportes, han puesto esas im\u00e1genes de ese gol de Iniesta, ese gol con homenaje incluido al compa\u00f1ero muerto, pues de nuevo la mente se traslada a otro lugar, en unos segundos, somos s\u00f3lo un segundos para olvidar, pero creo que afortunadamente, porque de otra manera jam\u00e1s seriamos felices. No se puede vivir en un masoquismo instalado en nuestra vida. Cada noticia, cada situaci\u00f3n tiene un momento que borra el otro, por unos instantes, horas, minutos, pero lo borra.<\/p>\n<p class=\"MsoNormal\">Ese gol que hace un a\u00f1o me hizo llorar y casi abrazarme a la televisi\u00f3n, me abrac\u00e9 a mi hijo que lleg\u00f3 a compartir conmigo esos momentos. Luego abrimos una botella de cava, fr\u00eda, muy fr\u00eda.<\/p>\n<p class=\"MsoNormal\">As\u00ed que ahora que todo en casa est\u00e1 en silencio, (cuando m\u00e1s c\u00f3moda escribo) os traslado una sensaci\u00f3n m\u00e1s de las m\u00edas, diferente, contradictoria, dispar, pero supongo humana, tal como soy, afortunadamente, o eso creo.<\/p>\n<p class=\"MsoNormal\">\n<p class=\"MsoNormal\">Saludos blogueros.<\/p>\n<p class=\"MsoNormal\">\n<p class=\"MsoNormal\">\n<p class=\"MsoNormal\">\n","protected":false},"excerpt":{"rendered":"<p>Hablaba hace un rato sobre dos cosas muy diferentes en una peque\u00f1a tertulia. Ese barco hundido en el Volga. El aniversario del mundial en que Espa\u00f1a nos hizo sufrir, llorar, emocionarnos, vibrar. Y como me gusta hablar en vivo y en directo de todo lo vivido, hablado, divino,y humano, os digo como me he sentido [&hellip;]<\/p>\n","protected":false},"author":22,"featured_media":0,"comment_status":"open","ping_status":"closed","sticky":false,"template":"","format":"standard","meta":[],"categories":[],"tags":[992,1039,1090,1233,1268,1298,1382,1478,1874],"_links":{"self":[{"href":"https:\/\/blogs.elnortedecastilla.es\/cari\/wp-json\/wp\/v2\/posts\/167"}],"collection":[{"href":"https:\/\/blogs.elnortedecastilla.es\/cari\/wp-json\/wp\/v2\/posts"}],"about":[{"href":"https:\/\/blogs.elnortedecastilla.es\/cari\/wp-json\/wp\/v2\/types\/post"}],"author":[{"embeddable":true,"href":"https:\/\/blogs.elnortedecastilla.es\/cari\/wp-json\/wp\/v2\/users\/22"}],"replies":[{"embeddable":true,"href":"https:\/\/blogs.elnortedecastilla.es\/cari\/wp-json\/wp\/v2\/comments?post=167"}],"version-history":[{"count":0,"href":"https:\/\/blogs.elnortedecastilla.es\/cari\/wp-json\/wp\/v2\/posts\/167\/revisions"}],"wp:attachment":[{"href":"https:\/\/blogs.elnortedecastilla.es\/cari\/wp-json\/wp\/v2\/media?parent=167"}],"wp:term":[{"taxonomy":"category","embeddable":true,"href":"https:\/\/blogs.elnortedecastilla.es\/cari\/wp-json\/wp\/v2\/categories?post=167"},{"taxonomy":"post_tag","embeddable":true,"href":"https:\/\/blogs.elnortedecastilla.es\/cari\/wp-json\/wp\/v2\/tags?post=167"}],"curies":[{"name":"wp","href":"https:\/\/api.w.org\/{rel}","templated":true}]}}