{"id":1674,"date":"2016-09-04T15:20:25","date_gmt":"2016-09-04T14:20:25","guid":{"rendered":"http:\/\/blogs.elnortedecastilla.es\/cari\/?p=1674"},"modified":"2016-09-04T15:20:25","modified_gmt":"2016-09-04T14:20:25","slug":"no-tenias-porque-morir-lo-siento","status":"publish","type":"post","link":"https:\/\/blogs.elnortedecastilla.es\/cari\/2016\/09\/04\/no-tenias-porque-morir-lo-siento\/","title":{"rendered":"NO TENIAS PORQU\u00c9 MORIR, LO SIENTO."},"content":{"rendered":"<p><a href=\"\/cari\/wp-content\/uploads\/sites\/12\/2016\/09\/Toros11.jpg\"><img loading=\"lazy\" class=\"aligncenter size-medium wp-image-1675\" title=\"Toros[1]\" src=\"\/cari\/wp-content\/uploads\/sites\/12\/2016\/09\/Toros11.jpg\" alt=\"\" width=\"300\" height=\"169\" srcset=\"https:\/\/static-blogs.elnortedecastilla.es\/wp-content\/uploads\/sites\/12\/2016\/09\/Toros11.jpg 620w, https:\/\/static-blogs.elnortedecastilla.es\/wp-content\/uploads\/sites\/12\/2016\/09\/Toros11-300x169.jpg 300w\" sizes=\"(max-width: 300px) 100vw, 300px\" \/><\/a><\/p>\n<p><em><span style=\"font-family: Calibri;\">Siento el vacio que habr\u00e1s dejado en tu familia, en toda la vida que te acompa\u00f1aba.<\/span><\/em><\/p>\n<p><em><span style=\"font-family: Calibri;\">T\u00fa elegiste la pasi\u00f3n de los toros, eso es libre pero te ha costado la vida.<\/span><\/em><\/p>\n<p><em><span style=\"font-family: Calibri;\">Y ahora como animalista que soy no me andar\u00e9 por las ramas.<\/span><\/em><\/p>\n<p><em><span style=\"font-family: Calibri;\">S\u00e9 que me puede caer la del pulpo por aqu\u00ed, no me importa. <\/span><\/em><\/p>\n<p><em><span style=\"font-family: Calibri;\">La muerte de un torero no se puede convertir en un canto a la tortura de un animal. No, el toro muere siempre despu\u00e9s de m\u00e1s de media hora de sufrimiento, \u00e9l no tiene ninguna oportunidad. <\/span><\/em><\/p>\n<p><em><span style=\"font-family: Calibri;\">Empieza ya antes, en los corrales, luego el picador, luego las banderillas mientras el animal jadea y sangra. La espada, no siempre acierta entra en su cuerpo sin matarle, el toro se acerca a su carencia para protegerse, y ah\u00ed le llega la puntilla que unas veces acierta y otras no, mientras patalea de dolor, deseando morir cuanto antes, \u00a1!YA!!<\/span><\/em><\/p>\n<p><em><span style=\"font-family: Calibri;\">Quiero dejar claro que no pertenezco a ninguna organizaci\u00f3n animalista, por si alguien me relaciona.<\/span><\/em><\/p>\n<p><em><span style=\"font-family: Calibri;\">Los que piensen que el toreo es un \u201carte\u201d pues bien, all\u00e1 ellos. No veo ning\u00fan arte en las becerradas de los pueblos, no veo nunca, ni ver\u00e9 arte donde un animal muere cruelmente, NO LO VEO.<\/span><\/em><\/p>\n<p><em><span style=\"font-family: Calibri;\">Un saludo blogueros.<\/span><\/em><\/p>\n<p><em><span style=\"font-family: Calibri;\">\u00a0<\/span><\/em><\/p>\n<p><em><span style=\"font-family: Calibri;\">Todo mi respeto para los taurinos, pero espero el mismo respeto tengan para mi opini\u00f3n, cosa que por cierto no suele pasar. <\/span><\/em><\/p>\n","protected":false},"excerpt":{"rendered":"<p>Siento el vacio que habr\u00e1s dejado en tu familia, en toda la vida que te acompa\u00f1aba. T\u00fa elegiste la pasi\u00f3n de los toros, eso es libre pero te ha costado la vida. Y ahora como animalista que soy no me andar\u00e9 por las ramas. S\u00e9 que me puede caer la del pulpo por aqu\u00ed, no [&hellip;]<\/p>\n","protected":false},"author":22,"featured_media":0,"comment_status":"open","ping_status":"open","sticky":false,"template":"","format":"standard","meta":[],"categories":[],"tags":[],"_links":{"self":[{"href":"https:\/\/blogs.elnortedecastilla.es\/cari\/wp-json\/wp\/v2\/posts\/1674"}],"collection":[{"href":"https:\/\/blogs.elnortedecastilla.es\/cari\/wp-json\/wp\/v2\/posts"}],"about":[{"href":"https:\/\/blogs.elnortedecastilla.es\/cari\/wp-json\/wp\/v2\/types\/post"}],"author":[{"embeddable":true,"href":"https:\/\/blogs.elnortedecastilla.es\/cari\/wp-json\/wp\/v2\/users\/22"}],"replies":[{"embeddable":true,"href":"https:\/\/blogs.elnortedecastilla.es\/cari\/wp-json\/wp\/v2\/comments?post=1674"}],"version-history":[{"count":0,"href":"https:\/\/blogs.elnortedecastilla.es\/cari\/wp-json\/wp\/v2\/posts\/1674\/revisions"}],"wp:attachment":[{"href":"https:\/\/blogs.elnortedecastilla.es\/cari\/wp-json\/wp\/v2\/media?parent=1674"}],"wp:term":[{"taxonomy":"category","embeddable":true,"href":"https:\/\/blogs.elnortedecastilla.es\/cari\/wp-json\/wp\/v2\/categories?post=1674"},{"taxonomy":"post_tag","embeddable":true,"href":"https:\/\/blogs.elnortedecastilla.es\/cari\/wp-json\/wp\/v2\/tags?post=1674"}],"curies":[{"name":"wp","href":"https:\/\/api.w.org\/{rel}","templated":true}]}}