{"id":169,"date":"2011-07-13T23:13:00","date_gmt":"2011-07-13T23:13:00","guid":{"rendered":"http:\/\/blogs.elnortedecastilla.es\/cari\/?p=169"},"modified":"2011-07-13T23:13:00","modified_gmt":"2011-07-13T23:13:00","slug":"hasta-arriba-estamos-blogueros","status":"publish","type":"post","link":"https:\/\/blogs.elnortedecastilla.es\/cari\/2011\/07\/13\/hasta-arriba-estamos-blogueros\/","title":{"rendered":"HASTA ARRIBA ESTAMOS LOS BLOGUEROS"},"content":{"rendered":"\n<p class=\"MsoNormal\">Se\u00f1ores de NORTE DE CASTILLA, hasta arriba, de no poder entrar acosados por la publi, de las letras anti-spam que nos ponen para acceder a los blogs, foros, etc\u00e9tera.<\/p>\n<p class=\"MsoNormal\">Siempre he dicho, mi ordenador no <span style=\"\"> <\/span>sabe chino, yo tampoco, no puedo estar media hora para entrar a una charla, eso no es normal. Supongo soy un poco la voz de muchos blogueros por las quejas que yo leo y parece ustedes ignoran. <\/p>\n<p class=\"MsoNormal\">Lo mismo no tenemos derecho a protestar, tenemos un blog \u201cno profesional\u201d con lo cual casi les damos las gracias, pero no es as\u00ed, NO, se\u00f1ores del grupo Vocento <span style=\"\"> <\/span>en Valladolid, les damos las gracias, si esto funciona, no si es una chapuza muchos, pero que muchos d\u00edas.<\/p>\n<p class=\"MsoNormal\">Lo mismo esta charla ni ve la luz, quedar\u00e1 guardada de todas las maneras, pero de verdad, \u00bfQu\u00e9 tal si nos respetan un poco?<\/p>\n<p class=\"MsoNormal\">Observo que muchos profesionales, escriben su cr\u00f3nica, y se olvidan, o quiz\u00e1 no, pero lo parece en algunos casos, no en todos.<\/p>\n<p class=\"MsoNormal\">Observo que hay muchos blogs no \u201cprofesionales\u201d que tienen una gran calidad (por supuesto no incluyo al m\u00edo en lo de calidad) pero es una pena que ustedes no cuiden un poco esto, supongo que les dar\u00e1 lo mismo, porque de otra manera no entiendo nada de nada.<\/p>\n<p class=\"MsoNormal\">Si hay fallos t\u00e9cnicos, que puede haberlos, \u00bfqu\u00e9 tal si nos mantienen informados? M\u00e1s que nada para evitar cabreos y huidas a otros lugares con menos problemas.<\/p>\n<p class=\"MsoNormal\">Esta charla no estaba anunciada, ni escrita en documento, (a\u00fan as\u00ed la guardar\u00e9) la escribo aqu\u00ed y ahora desde que veo que soy incapaz de poner el anti-spam hace un rato, desde que como me ha dicho una bloguera esta tarde que por la publicidad no pod\u00eda entrar en los blogs.<\/p>\n<p class=\"MsoNormal\">Saludos blogueros, saludos se\u00f1ores del NORTE DE CASTILLA.<\/p>\n<p class=\"MsoNormal\">\n","protected":false},"excerpt":{"rendered":"<p>Se\u00f1ores de NORTE DE CASTILLA, hasta arriba, de no poder entrar acosados por la publi, de las letras anti-spam que nos ponen para acceder a los blogs, foros, etc\u00e9tera. Siempre he dicho, mi ordenador no sabe chino, yo tampoco, no puedo estar media hora para entrar a una charla, eso no es normal. Supongo soy [&hellip;]<\/p>\n","protected":false},"author":22,"featured_media":0,"comment_status":"open","ping_status":"closed","sticky":false,"template":"","format":"standard","meta":[],"categories":[],"tags":[420,845,1725,1870],"_links":{"self":[{"href":"https:\/\/blogs.elnortedecastilla.es\/cari\/wp-json\/wp\/v2\/posts\/169"}],"collection":[{"href":"https:\/\/blogs.elnortedecastilla.es\/cari\/wp-json\/wp\/v2\/posts"}],"about":[{"href":"https:\/\/blogs.elnortedecastilla.es\/cari\/wp-json\/wp\/v2\/types\/post"}],"author":[{"embeddable":true,"href":"https:\/\/blogs.elnortedecastilla.es\/cari\/wp-json\/wp\/v2\/users\/22"}],"replies":[{"embeddable":true,"href":"https:\/\/blogs.elnortedecastilla.es\/cari\/wp-json\/wp\/v2\/comments?post=169"}],"version-history":[{"count":0,"href":"https:\/\/blogs.elnortedecastilla.es\/cari\/wp-json\/wp\/v2\/posts\/169\/revisions"}],"wp:attachment":[{"href":"https:\/\/blogs.elnortedecastilla.es\/cari\/wp-json\/wp\/v2\/media?parent=169"}],"wp:term":[{"taxonomy":"category","embeddable":true,"href":"https:\/\/blogs.elnortedecastilla.es\/cari\/wp-json\/wp\/v2\/categories?post=169"},{"taxonomy":"post_tag","embeddable":true,"href":"https:\/\/blogs.elnortedecastilla.es\/cari\/wp-json\/wp\/v2\/tags?post=169"}],"curies":[{"name":"wp","href":"https:\/\/api.w.org\/{rel}","templated":true}]}}