{"id":1705,"date":"2017-05-28T15:12:23","date_gmt":"2017-05-28T14:12:23","guid":{"rendered":"http:\/\/blogs.elnortedecastilla.es\/cari\/?p=1705"},"modified":"2017-05-28T15:12:57","modified_gmt":"2017-05-28T14:12:57","slug":"somos-extranos-si-y-mas-si","status":"publish","type":"post","link":"https:\/\/blogs.elnortedecastilla.es\/cari\/2017\/05\/28\/somos-extranos-si-y-mas-si\/","title":{"rendered":"\u00bfSOMOS EXTRA\u00d1OS? SI Y M\u00c1S S\u00cd."},"content":{"rendered":"<p><span style=\"color: #000000; font-family: Calibri;\">Hace tiempo no entro por aqu\u00ed, lo siento esa es la verdad.<\/span><\/p>\n<p><span style=\"color: #000000; font-family: Calibri;\">El otro d\u00eda mucha gente vio sacar un cad\u00e1ver de la comunidad, no de mi portal pero la comunidad que compartimos. Nadie sabe quien ha sido el\/la que se ha ido a otra vida.<\/span><\/p>\n<p><span style=\"color: #000000; font-family: Calibri;\">Estos pisos con ascensores \u2013afortunadamente- lo digo porque vivo en un d\u00e9cimo, donde no nos vemos no nos hablamos mucho, el tiempo es algo muy manido cuando te encuentras con alguien.<\/span><\/p>\n<p><span style=\"color: #000000; font-family: Calibri;\">Luego sabemos que se venden tres pisos, no sabemos qui\u00e9n se va, \u00bfqu\u00e9 m\u00e1s nos da?<\/span><\/p>\n<p><span style=\"color: #000000; font-family: Calibri;\">Recuerdo mis tiempos de Bilbao hace a\u00f1os, todos nos conoc\u00edamos, todos habl\u00e1bamos.<\/span><\/p>\n<p><span style=\"color: #000000; font-family: Calibri;\">Eso que hab\u00eda, alguna vecina entraba en casa para hablar con mi ama, para ver a mi preciosa hija, mientras yo me iba a la cama porque me ten\u00eda que levantar a las seis de la ma\u00f1ana. <\/span><\/p>\n<p><span style=\"color: #000000; font-family: Calibri;\">Por supuesto todo ha cambiado, no pretendo volver al pasado, pero s\u00ed que me produce tristeza que todos\/todas seamos extra\u00f1os.<\/span><\/p>\n<p><span style=\"color: #000000; font-family: Calibri;\">Saludos blogueros.<\/span><\/p>\n<p><span style=\"color: #000000; font-family: Calibri;\">\u00a0<\/span><\/p>\n<p><span style=\"color: #000000; font-family: Calibri;\">\u00a0<\/span><\/p>\n<p><span style=\"color: #000000; font-family: Calibri;\">\u00a0<\/span><\/p>\n<p>&nbsp;<\/p>\n","protected":false},"excerpt":{"rendered":"<p>Hace tiempo no entro por aqu\u00ed, lo siento esa es la verdad. El otro d\u00eda mucha gente vio sacar un cad\u00e1ver de la comunidad, no de mi portal pero la comunidad que compartimos. Nadie sabe quien ha sido el\/la que se ha ido a otra vida. Estos pisos con ascensores \u2013afortunadamente- lo digo porque vivo [&hellip;]<\/p>\n","protected":false},"author":22,"featured_media":0,"comment_status":"open","ping_status":"open","sticky":false,"template":"","format":"standard","meta":[],"categories":[],"tags":[],"_links":{"self":[{"href":"https:\/\/blogs.elnortedecastilla.es\/cari\/wp-json\/wp\/v2\/posts\/1705"}],"collection":[{"href":"https:\/\/blogs.elnortedecastilla.es\/cari\/wp-json\/wp\/v2\/posts"}],"about":[{"href":"https:\/\/blogs.elnortedecastilla.es\/cari\/wp-json\/wp\/v2\/types\/post"}],"author":[{"embeddable":true,"href":"https:\/\/blogs.elnortedecastilla.es\/cari\/wp-json\/wp\/v2\/users\/22"}],"replies":[{"embeddable":true,"href":"https:\/\/blogs.elnortedecastilla.es\/cari\/wp-json\/wp\/v2\/comments?post=1705"}],"version-history":[{"count":1,"href":"https:\/\/blogs.elnortedecastilla.es\/cari\/wp-json\/wp\/v2\/posts\/1705\/revisions"}],"predecessor-version":[{"id":1706,"href":"https:\/\/blogs.elnortedecastilla.es\/cari\/wp-json\/wp\/v2\/posts\/1705\/revisions\/1706"}],"wp:attachment":[{"href":"https:\/\/blogs.elnortedecastilla.es\/cari\/wp-json\/wp\/v2\/media?parent=1705"}],"wp:term":[{"taxonomy":"category","embeddable":true,"href":"https:\/\/blogs.elnortedecastilla.es\/cari\/wp-json\/wp\/v2\/categories?post=1705"},{"taxonomy":"post_tag","embeddable":true,"href":"https:\/\/blogs.elnortedecastilla.es\/cari\/wp-json\/wp\/v2\/tags?post=1705"}],"curies":[{"name":"wp","href":"https:\/\/api.w.org\/{rel}","templated":true}]}}