{"id":171,"date":"2011-07-23T12:45:00","date_gmt":"2011-07-23T12:45:00","guid":{"rendered":"http:\/\/blogs.elnortedecastilla.es\/cari\/?p=171"},"modified":"2011-07-23T12:45:00","modified_gmt":"2011-07-23T12:45:00","slug":"chateo-com","status":"publish","type":"post","link":"https:\/\/blogs.elnortedecastilla.es\/cari\/2011\/07\/23\/chateo-com\/","title":{"rendered":"CHATEO.COM"},"content":{"rendered":"\n<p class=\"MsoNormal\">No hablo del chateo v\u00eda Internet, cosa que no practico, Facebook, Twitter , etc\u00e9tera, creo que me pilla un poco a desmano ya eso de twuitear, adem\u00e1s que eso de que te salgan amigos hasta debajo de las piedras, pues va a ser que no.<\/p>\n<p class=\"MsoNormal\">Me refiero a esa reuni\u00f3n que haces con los amigos, o conocidos por esa ruta del \u201clevantamiento de vidrio\u201d como dec\u00edamos en Bilbao.<\/p>\n<p class=\"MsoNormal\">\n<p class=\"MsoNormal\">Y aunque parezca superficial, no blogueros, no lo es tanto.<\/p>\n<p class=\"MsoNormal\">En esos ratos relajados surgen conversaciones interesantes, o nos enteramos que tal o cual compa\u00f1ero de chateo tienen un problema, o dos o tres, y no lo sab\u00edamos.<\/p>\n<p class=\"MsoNormal\">Supongo se trata de relaciones humanas, de ese tiempo en que nos dedicamos a la \u201cvida social\u201d porque queremos, porque nos gusta relacionarnos, de otra manera nos meter\u00edamos dentro de un agujero oscuro y profundo, muy profundo, sobre todo en los tiempos convulsos que nos est\u00e1 tocando vivir.<\/p>\n<p class=\"MsoNormal\">Me gusta estar con los amigos o conocidos en ese tiempo de salir de vinos,<span style=\"\">  <\/span>o cuando salimos a cenar y a tomar una copa, siempre recordando eso de \u201csi bebes no conduzcas\u201d, que por desgracia a veces se olvida.<\/p>\n<p class=\"MsoNormal\">No hace mucho se acerc\u00f3 a nuestra mesa en una terraza una conocida, o amiga no \u00edntima, llamarlo como quer\u00e1is, la dijimos que compartiera la mesa con nosotros y as\u00ed lo hizo.<\/p>\n<p class=\"MsoNormal\">Al cabo de un rato completamente desinhibida nos cont\u00f3 que se estaba separando de su marido, que hac\u00eda mucho deber\u00eda haberlo hecho y todo eso que decimos cuando queremos contar lo que parece necesita salir de nuestros adentros porque de otra manera nos ahogar\u00eda.<\/p>\n<p class=\"MsoNormal\">Nos quedamos mi marido y yo perplejos, no porque nos estuviera diciendo una barbaridad evidentemente, si no porque para nada sab\u00edamos esos problemas, cu\u00e1ntas cosas ignoramos de quien vemos todos los d\u00edas.<\/p>\n<p class=\"MsoNormal\">Y anoche sin ir m\u00e1s lejos, alguien me dijo que ten\u00eda una cara como contrariada, rara, y \u00bfsab\u00e9is? Era verdad, no tuve un buen d\u00eda y termin\u00f3 de rematarlo la salvajada de Oslo, a alguien se le cruzan los cables y de repente la vida de los dem\u00e1s no vale nada.<\/p>\n<p class=\"MsoNormal\">Pues eso, que empiezo hablando de esos vinitos, esos ratos relajados y por desgracia tengo que hacer una menci\u00f3n nada relajada ante una masacre m\u00e1s.<\/p>\n<p class=\"MsoNormal\">Saludos blogueros en un d\u00eda triste, pero ma\u00f1ana saldr\u00e1 el sol de nuevo.<\/p>\n<p class=\"MsoNormal\">\n<p class=\"MsoNormal\">PD.  A\u00f1ado a la charla, no s\u00e9 si he cogido el mejor fin de semana para publicar, entre la publicidad y los dos d\u00edas de fiesta&#8230; bueno no pasa nada.<\/p>\n<p class=\"MsoNormal\">Buen fin de semana.<\/p>\n<p class=\"MsoNormal\">\n","protected":false},"excerpt":{"rendered":"<p>No hablo del chateo v\u00eda Internet, cosa que no practico, Facebook, Twitter , etc\u00e9tera, creo que me pilla un poco a desmano ya eso de twuitear, adem\u00e1s que eso de que te salgan amigos hasta debajo de las piedras, pues va a ser que no. Me refiero a esa reuni\u00f3n que haces con los amigos, [&hellip;]<\/p>\n","protected":false},"author":22,"featured_media":0,"comment_status":"open","ping_status":"closed","sticky":false,"template":"","format":"standard","meta":[],"categories":[],"tags":[1347,1559,1712,1856],"_links":{"self":[{"href":"https:\/\/blogs.elnortedecastilla.es\/cari\/wp-json\/wp\/v2\/posts\/171"}],"collection":[{"href":"https:\/\/blogs.elnortedecastilla.es\/cari\/wp-json\/wp\/v2\/posts"}],"about":[{"href":"https:\/\/blogs.elnortedecastilla.es\/cari\/wp-json\/wp\/v2\/types\/post"}],"author":[{"embeddable":true,"href":"https:\/\/blogs.elnortedecastilla.es\/cari\/wp-json\/wp\/v2\/users\/22"}],"replies":[{"embeddable":true,"href":"https:\/\/blogs.elnortedecastilla.es\/cari\/wp-json\/wp\/v2\/comments?post=171"}],"version-history":[{"count":0,"href":"https:\/\/blogs.elnortedecastilla.es\/cari\/wp-json\/wp\/v2\/posts\/171\/revisions"}],"wp:attachment":[{"href":"https:\/\/blogs.elnortedecastilla.es\/cari\/wp-json\/wp\/v2\/media?parent=171"}],"wp:term":[{"taxonomy":"category","embeddable":true,"href":"https:\/\/blogs.elnortedecastilla.es\/cari\/wp-json\/wp\/v2\/categories?post=171"},{"taxonomy":"post_tag","embeddable":true,"href":"https:\/\/blogs.elnortedecastilla.es\/cari\/wp-json\/wp\/v2\/tags?post=171"}],"curies":[{"name":"wp","href":"https:\/\/api.w.org\/{rel}","templated":true}]}}