{"id":199,"date":"2013-01-16T14:41:10","date_gmt":"2013-01-16T13:41:10","guid":{"rendered":"http:\/\/blogs.elnortedecastilla.es\/cosas-como-son\/?p=199"},"modified":"2013-01-16T14:41:10","modified_gmt":"2013-01-16T13:41:10","slug":"buen-viaje-pinguinos","status":"publish","type":"post","link":"https:\/\/blogs.elnortedecastilla.es\/cosas-como-son\/2013\/01\/16\/buen-viaje-pinguinos\/","title":{"rendered":"\u00a1Buen viaje, ping\u00fcinos!"},"content":{"rendered":"<p>\u201cAl vent\/ la cara al vent\/ \/ el cor al vent\/ les mans al vent\/ al vent del m\u00f3n\u201d. Era mi canci\u00f3n preferida de Raimon, en el tiempo en que practicaba la inmersi\u00f3n ling\u00fc\u00edstica con la Nova can\u00e7\u00f3. Siempre cantaba \u201cAl vent\u201d cuando alg\u00fan amigo me llevaba de paquete en su moto. Entonces no se usaba casco, y la melena se nos alborotaba de furia y de contento nada m\u00e1s arrancar, Como pueden ustedes imaginarse, desde entonces ha llovido lo suyo. S\u00ed, es verdad, ya no volver\u00e1n aquellas golondrinas. Aunque yo me consuelo de lo inevitable cuando veo volver cada a\u00f1o a Valladolid las bandadas de veloces ping\u00fcinos. Con ellos regresa a mi memoria el ansia de camino infinito, y vuelvo a sentir en los labios el sabor agrietado de la rebeld\u00eda. \u00a0Siempre hacia el oeste, pues los moteros son los cowoys contempor\u00e1neos,\u00a0 tan \u00a0veloces como los jinetes perseguidos. Ambos poseen vocaci\u00f3n de altura, cabalgar y andar en moto es lo m\u00e1s parecido a alzar el vuelo. \u00bfSe han dado cuenta de que el ruido de la moto es muy semejante al que hace el avi\u00f3n al despegar? A punto de abrir las alas, as\u00ed se sienten tambi\u00e9n los jinetes, siempre a lomos de un posible Pegaso. Y apuesto a que los ping\u00fcinos cuidan el motor y sacan brillo a la carrocer\u00eda de su moto con el mismo cuidado que los cowoys acariciaban el lomo de su caballo y peinaban sus crines. Y con la misma fidelidad que los caballos, las motos esperan a sus amos, mientras ellos duermen al raso, en el p\u00e1ramo de Puente Duero. Aunque a Valladolid lleguen en bandadas, el motero, como el jinete, es un viajero solitario, que sue\u00f1a, absorto en su mismidad, mientras se desplaza por el mundo a la velocidad del v\u00e9rtigo. S\u00ed, hay un vuelo m\u00edstico en esa decisi\u00f3n abismal de rasgar el viento como se rompe el velo de la vida. \u00a0Por eso, el motero posee para m\u00ed un aura po\u00e9tica. Los futuristas ya lo formularon por boca de Marinetti, que en los a\u00f1os veinte consideraba la velocidad como la nueva y m\u00e1s intensa emoci\u00f3n art\u00edstica. Hoy d\u00eda, Fernando del Val, en su\u00a0 \u201cCuaderno de bit\u00e1cora de la ciudad invisible\u201d expresa una sensaci\u00f3n semejante, referida en su caso al navegante ensimismado: \u201cNo conozco otra limitaci\u00f3n que los horizontes infinitos\u201d. Y contin\u00faa: \u201clos horizontes nunca se conquistan porque nunca terminan, como las utop\u00edas\u201d S\u00ed, por eso la rebeld\u00eda motera estaba rodeada de un nimbo ut\u00f3pico y art\u00edstico. \u00a0Y por eso nada tiene de raro que Ram\u00f3n G\u00f3mez de la Serna, \u00a0el ultra\u00edsta, de cuya muerte se acaban de cumplir cincuenta a\u00f1os, considerara la moto como la mejor manera de ir m\u00e1s all\u00e1. En su novela \u201cEl incongruente\u201d dedica a la moto, por entonces reci\u00e9n inventada, estas greguer\u00edas: \u201ccochecito de ni\u00f1o desbocado\u201d, \u201cgalgo con ruedas\u201d, \u201cpistola escapada con cargador y todo\u201d&#8230;.Digo esto yo, que siempre he abominado de las motos delante de mis hijos, hasta conseguir que no so\u00f1aran ni por asomo con que les comprara una. Porque me dan miedo. Y me parece un error regalar una moto a un adolescente, incluso aunque te asegure que solo la va a utilizar para repartir pizzas. Y sin embargo\u2026. \u00a1Buen viaje, ping\u00fcinos!, \u00a1vaya envidia que dais!\u00a0 Cuidado con los Carromeros y hasta el a\u00f1o que viene.\u00a0 Salvando las distancias con mi moto invisible, si lo era G\u00f3mez de la Serna, \u00bfpor qu\u00e9 me voy a privar yo de ser incongruente?<\/p>\n","protected":false},"excerpt":{"rendered":"<p>\u201cAl vent\/ la cara al vent\/ \/ el cor al vent\/ les mans al vent\/ al vent del m\u00f3n\u201d. Era mi canci\u00f3n preferida de Raimon, en el tiempo en que practicaba la inmersi\u00f3n ling\u00fc\u00edstica con la Nova can\u00e7\u00f3. Siempre cantaba \u201cAl vent\u201d cuando alg\u00fan amigo me llevaba de paquete en su moto. Entonces no se [&hellip;]<\/p>\n","protected":false},"author":23,"featured_media":0,"comment_status":"open","ping_status":"closed","sticky":false,"template":"","format":"standard","meta":[],"categories":[5],"tags":[],"_links":{"self":[{"href":"https:\/\/blogs.elnortedecastilla.es\/cosas-como-son\/wp-json\/wp\/v2\/posts\/199"}],"collection":[{"href":"https:\/\/blogs.elnortedecastilla.es\/cosas-como-son\/wp-json\/wp\/v2\/posts"}],"about":[{"href":"https:\/\/blogs.elnortedecastilla.es\/cosas-como-son\/wp-json\/wp\/v2\/types\/post"}],"author":[{"embeddable":true,"href":"https:\/\/blogs.elnortedecastilla.es\/cosas-como-son\/wp-json\/wp\/v2\/users\/23"}],"replies":[{"embeddable":true,"href":"https:\/\/blogs.elnortedecastilla.es\/cosas-como-son\/wp-json\/wp\/v2\/comments?post=199"}],"version-history":[{"count":0,"href":"https:\/\/blogs.elnortedecastilla.es\/cosas-como-son\/wp-json\/wp\/v2\/posts\/199\/revisions"}],"wp:attachment":[{"href":"https:\/\/blogs.elnortedecastilla.es\/cosas-como-son\/wp-json\/wp\/v2\/media?parent=199"}],"wp:term":[{"taxonomy":"category","embeddable":true,"href":"https:\/\/blogs.elnortedecastilla.es\/cosas-como-son\/wp-json\/wp\/v2\/categories?post=199"},{"taxonomy":"post_tag","embeddable":true,"href":"https:\/\/blogs.elnortedecastilla.es\/cosas-como-son\/wp-json\/wp\/v2\/tags?post=199"}],"curies":[{"name":"wp","href":"https:\/\/api.w.org\/{rel}","templated":true}]}}