{"id":212,"date":"2013-02-27T00:00:41","date_gmt":"2013-02-26T23:00:41","guid":{"rendered":"http:\/\/blogs.elnortedecastilla.es\/cosas-como-son\/?p=212"},"modified":"2013-02-27T00:00:41","modified_gmt":"2013-02-26T23:00:41","slug":"y-usted-de-que-se-rie","status":"publish","type":"post","link":"https:\/\/blogs.elnortedecastilla.es\/cosas-como-son\/2013\/02\/27\/y-usted-de-que-se-rie\/","title":{"rendered":"Y usted, \u00bfde qu\u00e9 se r\u00ede?"},"content":{"rendered":"<p>\u00bfQu\u00e9 es lo que nos distingue de las otras especies? La risa y el llanto, sin ninguna duda. Pero a llorar se nace sabiendo, en cambio, poco a poco aprendemos a re\u00edr. El ni\u00f1o nos dice que ha llegado al mundo llorando desaforadamente, pero tarda en llegar a sumergirse bajo la ola entrecortada de la risa \u00a1Qu\u00e9 emoci\u00f3n! Eso quiere decir que ya es un ser humano. \u201cTu risa me hace libre \/me pone alas\u2026\u201d\u00a0 dec\u00eda Miguel Hern\u00e1ndez en \u201cNanas de cebolla\u201d. La carcajada es obra de los \u00e1ngeles de la risa, que le hacen cosquillas al alma del ni\u00f1o. Cuando nos partimos de risa, asoma nuevamente nuestra alma perdida. Nosotros dec\u00edamos en casa que nos destornill\u00e1bamos de risa, con esa etimolog\u00eda popular que confunde sabiamente ternilla con tornillo. \u00bfNo es verdad que al que r\u00ede le falta un tornillo? \u00a1Ay! Mientras re\u00edmos nos volvemos ligeros, liberados del peso de la responsabilidad. Por eso en Mery Poppins sub\u00edan los rientes hasta el techo. \u00bfSe acuerdan? \u00a1Qu\u00e9 risa! Dice un Proverbio japon\u00e9s que el tiempo que pasa un hombre riendo es tiempo que pasa con los dioses. Nunca entend\u00ed la raz\u00f3n de que las monjas nos ri\u00f1eran cuando re\u00edamos en la capilla. \u00bfHay \u00a0mejor manera de alabar la creaci\u00f3n que la risa? Existen, sin embargo, risas que producen l\u00e1stima, como la risa de los tontos, y risas que producen miedo, como la risa inmotivada de los locos. Y hay risas que nos ara\u00f1an con u\u00f1as afiladas, como la risa impertinente del soberbio, que celebra su victoria sobre el infortunado. &#8220;En nada se revela mejor el car\u00e1cter de las personas, como en los motivos de su risa\u201d. Eso lo dijo Goethe, que conoc\u00eda hasta la risa del Diablo. La frase del autor de \u201cFausto\u201d me hace recordar la escena en que la c\u00fapula de la CEOE re\u00eda a carcajadas mientras celebraba la aprobaci\u00f3n de la Reforma laboral. \u00bfSe acuerdan? Tambi\u00e9n re\u00edan los diputados del PP cuando la votaron en el Congreso, re\u00edan y se abrazaban ufanos. Luego les advirtieron que no conven\u00eda que les vi\u00e9ramos re\u00edr. Pero en el debate del Estado de la Naci\u00f3n, no pudieron contenerse, \u00a1qu\u00e9 alegr\u00eda incontenible la de ver a su l\u00edder tan elocuente y satisfecho de haberse conocido! \u00a1Ol\u00e9!, gritaba Arenas. \u00a1Memorable!, murmuraba Gallard\u00f3n, m\u00e1s discreto. Pero hab\u00eda uno que resaltaba entre todos los felices: se llama Rafael Hernando y r\u00ede siempre como un descosido la maestr\u00eda insuperable de Rajoy. \u201cR\u00ede, r\u00ede, r\u00ede\u2026\u201d, como la divina Eulalia de Rub\u00e9n Dar\u00edo. \u00bfSe imaginan a un fiscal que riera al conocer la sentencia condenatoria del reo? Pues eso es lo que hacen esos diputados, re\u00edrse mientras condenan a la pobreza y al sufrimiento. Por eso, en venganza, el pueblo se r\u00ede de la autoridad. Es lo que han hecho los italianos al votar a Grillo, aunque lo que no tiene ninguna gracia es que hayan votado tambi\u00e9n a Berlusconi, otro payaso mucho m\u00e1s corrupto. Los espa\u00f1oles, para no ser menos, votaremos a B\u00e1rcenas en la pr\u00f3xima legislatura. Hay que reconocer que su demanda contra el PP por despido improcedente tiene su qu\u00e9, \u00bfno les parece?. \u00bfSe le habr\u00e1 congelado la risa al se\u00f1or Hernando? Es un hombre de mucha retranca. \u00bfRecuerdan cuando dijo que la sanidad universal no significaba m\u00e9dico gratis para el universo entero? Se refer\u00eda a los emigrantes enfermos. Fue muy celebrado entre sus filas. A B\u00e1rcenas, que todav\u00eda estaba en plantilla, seguro que le hizo mucha gracia. \u201c\u00a1Ay de quien sus sobres y frases recoja!\/ \u00a1Ay de quien del libro de cheques se f\u00ede!\/Con sus ojos lindos y su gran bocaza\/el malvado B\u00e1rcenas, r\u00ede, rie, rie\u2026\u201d No ser\u00e1 la \u201cSonatina\u201d de Rub\u00e9n Dar\u00edo, pero es lo que hay. \u00bfEl \u00fanico consuelo?: que no r\u00edan los \u00faltimos.<\/p>\n","protected":false},"excerpt":{"rendered":"<p>\u00bfQu\u00e9 es lo que nos distingue de las otras especies? La risa y el llanto, sin ninguna duda. Pero a llorar se nace sabiendo, en cambio, poco a poco aprendemos a re\u00edr. El ni\u00f1o nos dice que ha llegado al mundo llorando desaforadamente, pero tarda en llegar a sumergirse bajo la ola entrecortada de la [&hellip;]<\/p>\n","protected":false},"author":23,"featured_media":0,"comment_status":"open","ping_status":"closed","sticky":false,"template":"","format":"standard","meta":[],"categories":[5],"tags":[],"_links":{"self":[{"href":"https:\/\/blogs.elnortedecastilla.es\/cosas-como-son\/wp-json\/wp\/v2\/posts\/212"}],"collection":[{"href":"https:\/\/blogs.elnortedecastilla.es\/cosas-como-son\/wp-json\/wp\/v2\/posts"}],"about":[{"href":"https:\/\/blogs.elnortedecastilla.es\/cosas-como-son\/wp-json\/wp\/v2\/types\/post"}],"author":[{"embeddable":true,"href":"https:\/\/blogs.elnortedecastilla.es\/cosas-como-son\/wp-json\/wp\/v2\/users\/23"}],"replies":[{"embeddable":true,"href":"https:\/\/blogs.elnortedecastilla.es\/cosas-como-son\/wp-json\/wp\/v2\/comments?post=212"}],"version-history":[{"count":0,"href":"https:\/\/blogs.elnortedecastilla.es\/cosas-como-son\/wp-json\/wp\/v2\/posts\/212\/revisions"}],"wp:attachment":[{"href":"https:\/\/blogs.elnortedecastilla.es\/cosas-como-son\/wp-json\/wp\/v2\/media?parent=212"}],"wp:term":[{"taxonomy":"category","embeddable":true,"href":"https:\/\/blogs.elnortedecastilla.es\/cosas-como-son\/wp-json\/wp\/v2\/categories?post=212"},{"taxonomy":"post_tag","embeddable":true,"href":"https:\/\/blogs.elnortedecastilla.es\/cosas-como-son\/wp-json\/wp\/v2\/tags?post=212"}],"curies":[{"name":"wp","href":"https:\/\/api.w.org\/{rel}","templated":true}]}}