{"id":218,"date":"2013-03-13T00:08:56","date_gmt":"2013-03-12T23:08:56","guid":{"rendered":"http:\/\/blogs.elnortedecastilla.es\/cosas-como-son\/?p=218"},"modified":"2013-03-13T00:08:56","modified_gmt":"2013-03-12T23:08:56","slug":"si-dios-fuera-mujer","status":"publish","type":"post","link":"https:\/\/blogs.elnortedecastilla.es\/cosas-como-son\/2013\/03\/13\/si-dios-fuera-mujer\/","title":{"rendered":"Si Dios fuera mujer"},"content":{"rendered":"<p>\u00bfC\u00f3mo olvidarlo? En mi primer viaje en avi\u00f3n, a principios de los sesenta, coincid\u00ed con un grupo de treinta y seis jud\u00edos ortodoxos. Los cont\u00e9 uno a uno porque no daba cr\u00e9dito. Ya saben: de negro, con sus sombreros y sus bucles. A m\u00ed, entonces, como ten\u00eda tan poco mundo, me daba la risa. Igual de rid\u00edculo me parec\u00eda el atav\u00edo de los sacerdotes cristianos ortodoxos, con sus escafandras de astronauta enlutado. No me ocurr\u00eda lo mismo con los curas cat\u00f3licos, aunque llevaran todav\u00eda coronilla y sotana. Sin duda la costumbre automatiza la percepci\u00f3n, y hace que consideremos normal lo m\u00e1s extravagante. Hace unos d\u00edas, sin embargo, viendo c\u00f3mo entraban en la Plaza de San Pedro los cardenales del c\u00f3nclave, con sus faldones negros abotonados y sus bonetes grana, me asalt\u00f3 de repente la misma sensaci\u00f3n de verg\u00fcenza ajena que en mi primer viaje en avi\u00f3n. \u00bfC\u00f3mo no ven estos prelados lo lamentables que resultan de esta guisa? \u00bfInfluye en su ceguera que casi todas las religiones segreguen a las mujeres a un lugar subsidiario? Quiero pensar que s\u00ed, que una mujer, tras mirarse al espejo, se negar\u00eda a salir a la calle con tan rid\u00edculo atav\u00edo. Quiz\u00e1 les parezca fr\u00edvolo que utilice estos argumentos para criticar a la Iglesia, pero, \u00bfqu\u00e9 se puede esperar de una organizaci\u00f3n que, en pleno siglo XXI, margina a la mujer de manera tan descarada? Y no me vengan con que el asunto afecta solo a los cat\u00f3licos practicantes, porque los informativos nos marean a todos, y a todas horas, con el c\u00f3nclave y con sus fogatas. \u00bfNo es un insulto para todas las mujeres del mundo que en Afganist\u00e1n no dejen a las ni\u00f1as asistir a la escuela? Pues lo es tambi\u00e9n que las mujeres no puedan ejercer el sacerdocio por m\u00e1s santas que sean. Ambas situaciones tienen un mismo origen: el machismo puro y duro. Y no me vengan tampoco con el argumento de que por algo eran hombres los doce ap\u00f3stoles, porque, por la misma raz\u00f3n, el cargo de obispo deber\u00eda estar reservado para los pescadores, y el Papa deber\u00eda ser hijo de un carpintero. La falacia se sustenta en que a las tres personas de la Sant\u00edsima Trinidad se les atribuya vulgarmente el sexo masculino. \u00a1Tres personas distintas y ninguna de ellas mujer! Pues s\u00ed, como en las cenas de hombres que organizan los palurdos, como en los consejos de los ayatol\u00e1s, as\u00ed se comportan los prelados de casi todas las iglesias habidas, \u00bfy por haber? \u00bfQue a miles de \u00a0cat\u00f3licas se les har\u00eda raro ver a una mujer diciendo misa?, \u00bfque miles de cat\u00f3licas est\u00e1n satisfechas de ser marginadas? Apuesto a que miles de mujeres afganas aseguran sinceramente que no quieren quitarse el burka y que se sienten protegidas dentro de su c\u00e1rcel textil. A lo mejor a algunos les parece escandaloso esto que digo. A ellos les dedico los versos con los que Benedetti terminaba su poema \u201cSi Dios fuera mujer\u201d: \u201cAy Dios m\u00edo, Dios m\u00edo\/ si hasta siempre y desde siempre\/ fueras una mujer\/ qu\u00e9 lindo esc\u00e1ndalo ser\u00eda,\/ qu\u00e9 venturosa, espl\u00e9ndida, imposible,\/ prodigiosa blasfemia\u201d. S\u00ed, este esc\u00e1ndalo ser\u00eda mucho m\u00e1s lindo que los que asolan cada d\u00eda a la Iglesia de un tiempo a esta parte. Ayer, viendo entrar a los cardenales en la Capilla Sixtina, pensaba que el Esp\u00edritu Santo lo va a tener crudo para elegir entre este reba\u00f1o. Pero lo que est\u00e1 claro es que quien salga elegido, si es que quiere que nos lo tomemos en serio, deber\u00e1 terminar con el esc\u00e1ndalo de la segregaci\u00f3n de la mujer en la Iglesia Cat\u00f3lica. As\u00ed sea.<\/p>\n","protected":false},"excerpt":{"rendered":"<p>\u00bfC\u00f3mo olvidarlo? En mi primer viaje en avi\u00f3n, a principios de los sesenta, coincid\u00ed con un grupo de treinta y seis jud\u00edos ortodoxos. Los cont\u00e9 uno a uno porque no daba cr\u00e9dito. Ya saben: de negro, con sus sombreros y sus bucles. A m\u00ed, entonces, como ten\u00eda tan poco mundo, me daba la risa. Igual [&hellip;]<\/p>\n","protected":false},"author":23,"featured_media":0,"comment_status":"open","ping_status":"closed","sticky":false,"template":"","format":"standard","meta":[],"categories":[5],"tags":[],"_links":{"self":[{"href":"https:\/\/blogs.elnortedecastilla.es\/cosas-como-son\/wp-json\/wp\/v2\/posts\/218"}],"collection":[{"href":"https:\/\/blogs.elnortedecastilla.es\/cosas-como-son\/wp-json\/wp\/v2\/posts"}],"about":[{"href":"https:\/\/blogs.elnortedecastilla.es\/cosas-como-son\/wp-json\/wp\/v2\/types\/post"}],"author":[{"embeddable":true,"href":"https:\/\/blogs.elnortedecastilla.es\/cosas-como-son\/wp-json\/wp\/v2\/users\/23"}],"replies":[{"embeddable":true,"href":"https:\/\/blogs.elnortedecastilla.es\/cosas-como-son\/wp-json\/wp\/v2\/comments?post=218"}],"version-history":[{"count":0,"href":"https:\/\/blogs.elnortedecastilla.es\/cosas-como-son\/wp-json\/wp\/v2\/posts\/218\/revisions"}],"wp:attachment":[{"href":"https:\/\/blogs.elnortedecastilla.es\/cosas-como-son\/wp-json\/wp\/v2\/media?parent=218"}],"wp:term":[{"taxonomy":"category","embeddable":true,"href":"https:\/\/blogs.elnortedecastilla.es\/cosas-como-son\/wp-json\/wp\/v2\/categories?post=218"},{"taxonomy":"post_tag","embeddable":true,"href":"https:\/\/blogs.elnortedecastilla.es\/cosas-como-son\/wp-json\/wp\/v2\/tags?post=218"}],"curies":[{"name":"wp","href":"https:\/\/api.w.org\/{rel}","templated":true}]}}