{"id":286,"date":"2014-02-04T21:03:31","date_gmt":"2014-02-04T20:03:31","guid":{"rendered":"http:\/\/blogs.elnortedecastilla.es\/cosas-como-son\/?p=286"},"modified":"2014-02-04T21:03:31","modified_gmt":"2014-02-04T20:03:31","slug":"las-claves-de-la-recuperacion","status":"publish","type":"post","link":"https:\/\/blogs.elnortedecastilla.es\/cosas-como-son\/2014\/02\/04\/las-claves-de-la-recuperacion\/","title":{"rendered":"Las claves de la &#8220;recuperaci\u00f3n&#8221;."},"content":{"rendered":"<p>&nbsp;<\/p>\n<p class=\"MsoNormalCxSpFirst\" style=\"text-align: justify; text-justify: inter-ideograph; line-height: 150%;\">Durante la semana pasada, la sala de conciertos Miguel Delibes de Valladolid fue el escenario en el que se represent\u00f3 el final de PPasi\u00f3n, el auto-sacramental protagonizado por Rajoy. Y como ocurre en el evangelio, nuestro Presidente resucit\u00f3 para anunciar la buena nueva. \u201cS\u00e9 fuerte. Ma\u00f1ana estar\u00e1s conmigo en el Para\u00edso (fiscal)\u201d, le dec\u00eda al buen ladr\u00f3n en los momentos m\u00e1s dram\u00e1ticos \u2013\u00bfo no era algo parecido a eso lo que rezaba en uno de sus mensajes a B\u00e1rcenas?- La obra tendr\u00eda su qu\u00e9 si no enlazara el nombre del escritor vallisoletano con personajes de tan dudoso prestigio como Wert, Mato, Botella, Floriano, Cospedal etc, Tampoco Calder\u00f3n de la Barca se merec\u00eda que el teatro que lleva su nombre fuera conocido en toda Espa\u00f1a como la sede de la ceremonia de unificaci\u00f3n de Falange y de las J.O.N.S, pero as\u00ed fue, para su desgracia. Hoy nuestro Presidente glorificado nos asegura desde el Miguel Delibes que estamos saliendo de la oscuridad del t\u00fanel y que, en consecuencia, podremos atisbar la luz si nos portamos bien y le seguimos votando. Menos mal. Pasa como en algunas enfermedades que requieren tratamiento de choque, que, aunque el doliente se sienta cada vez peor, los an\u00e1lisis revelan que su organismo ya comienza a reaccionar, tras un coma inducido. En esto consiste la \u201crecuperaci\u00f3n\u201d, palabra m\u00e1gica que desde ahora oiremos un d\u00eda s\u00ed y otro tambi\u00e9n. Yo en eso de que se ven luces al final del t\u00fanel pienso que no les falta raz\u00f3n a los del PP, para que vean que soy persona tolerante y flexible en el campo de lo pol\u00edtico. Coincido en que algo se va moviendo en nuestro pa\u00eds, y en la direcci\u00f3n acertada. En lo que disiento es en las se\u00f1ales que anuncian el restablecimiento de la salud. No me fijo tanto en la subida de los valores en bolsa como en el revival del valor \u00e9tico que recibe el nombre de \u201cjusticia\u201d, \u00bfse acuerdan? Si hacen memoria, recordar\u00e1n este concepto hace tiempo en desuso. Y digo que en las \u00faltimas semanas parece que est\u00e1 en alza este valor por se\u00f1ales como la conclusi\u00f3n positiva de la huelga de los barrenderos de Madrid, la victoria de la marea blanca contra la privatizaci\u00f3n de los hospitales madrile\u00f1os, el \u00e9xito de la lucha de los vecinos del barrio de Gamonal de Burgos o la sentencia que obliga a readmitir a los trabajadores p\u00fablicos expulsados ilegalmente en la Comunidad de la Mancha.\u00a0 Efectivamente, de manera muy moderada y sin que por eso debamos tocar a rebato, estos acontecimientos hacen pensar que nos vamos recuperando de la par\u00e1lisis ciudadana que nos aquejaba, de esta depresi\u00f3n que a tantos hizo creer que era mejor quedarse en casa para no gastar energ\u00edas que salir a la calle a desga\u00f1itarse in\u00fatilmente. Lo importante es que no volvamos a caer en el abatimiento y la desgana, porque, como bien dice Rajoy, \u00e9l no hubiera puesto en pr\u00e1ctica su pol\u00edtica antisocial si llega a encontrar el pa\u00eds en otro estado menos calamitoso. Lo que no dice es que, si el pa\u00eds no llega a estar as\u00ed de abatido, no hubiera podido \u00e9l acceder a la Presidencia, porque los millones de votantes progresistas asqueados y deprimidos que se abstuvieron en el \u00faltimo plebiscito hubieran votado y, en consecuencia, \u00e9l seguir\u00eda asegurando desde la oposici\u00f3n que iba a acabar con el paro, a subir las pensiones y bajar los impuestos, sin recortar para nada ni la Sanidad ni la Educaci\u00f3n. Pero eso correspond\u00eda al primer acto de la obra, a la escena en que su protagonista promet\u00eda la multiplicaci\u00f3n de los panes y los peces.<\/p>\n","protected":false},"excerpt":{"rendered":"<p>&nbsp; Durante la semana pasada, la sala de conciertos Miguel Delibes de Valladolid fue el escenario en el que se represent\u00f3 el final de PPasi\u00f3n, el auto-sacramental protagonizado por Rajoy. Y como ocurre en el evangelio, nuestro Presidente resucit\u00f3 para anunciar la buena nueva. \u201cS\u00e9 fuerte. Ma\u00f1ana estar\u00e1s conmigo en el Para\u00edso (fiscal)\u201d, le dec\u00eda [&hellip;]<\/p>\n","protected":false},"author":23,"featured_media":0,"comment_status":"open","ping_status":"open","sticky":false,"template":"","format":"standard","meta":[],"categories":[5],"tags":[],"_links":{"self":[{"href":"https:\/\/blogs.elnortedecastilla.es\/cosas-como-son\/wp-json\/wp\/v2\/posts\/286"}],"collection":[{"href":"https:\/\/blogs.elnortedecastilla.es\/cosas-como-son\/wp-json\/wp\/v2\/posts"}],"about":[{"href":"https:\/\/blogs.elnortedecastilla.es\/cosas-como-son\/wp-json\/wp\/v2\/types\/post"}],"author":[{"embeddable":true,"href":"https:\/\/blogs.elnortedecastilla.es\/cosas-como-son\/wp-json\/wp\/v2\/users\/23"}],"replies":[{"embeddable":true,"href":"https:\/\/blogs.elnortedecastilla.es\/cosas-como-son\/wp-json\/wp\/v2\/comments?post=286"}],"version-history":[{"count":0,"href":"https:\/\/blogs.elnortedecastilla.es\/cosas-como-son\/wp-json\/wp\/v2\/posts\/286\/revisions"}],"wp:attachment":[{"href":"https:\/\/blogs.elnortedecastilla.es\/cosas-como-son\/wp-json\/wp\/v2\/media?parent=286"}],"wp:term":[{"taxonomy":"category","embeddable":true,"href":"https:\/\/blogs.elnortedecastilla.es\/cosas-como-son\/wp-json\/wp\/v2\/categories?post=286"},{"taxonomy":"post_tag","embeddable":true,"href":"https:\/\/blogs.elnortedecastilla.es\/cosas-como-son\/wp-json\/wp\/v2\/tags?post=286"}],"curies":[{"name":"wp","href":"https:\/\/api.w.org\/{rel}","templated":true}]}}