{"id":386,"date":"2015-04-28T22:24:26","date_gmt":"2015-04-28T21:24:26","guid":{"rendered":"http:\/\/blogs.elnortedecastilla.es\/cosas-como-son\/?p=386"},"modified":"2015-04-28T22:24:26","modified_gmt":"2015-04-28T21:24:26","slug":"abel-martinez","status":"publish","type":"post","link":"https:\/\/blogs.elnortedecastilla.es\/cosas-como-son\/2015\/04\/28\/abel-martinez\/","title":{"rendered":"Abel Mart\u00ednez"},"content":{"rendered":"<p>Hoy voy a escribir una columna peque\u00f1a, porque est\u00e1 dedicada a un suceso que ha sido tratado como insignificante por los medios de comunicaci\u00f3n. Su protagonista es Abel Mart\u00ednez. \u00bfOs suena este nombre?- pregunt\u00e9 a mis conocidos. No les sonaba de nada. Solo una amiga me dijo que era el t\u00edtulo de una novela de Unamuno. Pero se trataba de Abel S\u00e1nchez. No, Abel Mart\u00ednez no se estudia en los libros de Historia de la Literatura. Abel Mart\u00ednez fue una persona real, tan real y tan viva como usted y como yo, hasta que un chaval desequilibrado, que guardaba sus armas en el dormitorio familiar y hab\u00eda anunciado insistentemente que pensaba cargarse a todos sus profesores, le hundi\u00f3 un machete en el vientre. No sucedi\u00f3 en una reyerta callejera, sino en el Instituto Joan Fuser de Barcelona, donde ejerc\u00eda como profesor de Historia. Con estas pistas puede que descubra a qu\u00e9 crimen me refiero, aunque seguir\u00e1 sin sonarle de nada el nombre de la v\u00edctima. En los medios de comunicaci\u00f3n se refieren a Abel Mart\u00ednez con \u201cun profesor interino\u201d. F\u00edjense qu\u00e9 insignificante, profesor de Instituto y encima sin plaza en propiedad, uno de esos j\u00f3venes que sustituyen a los que est\u00e1n de baja, y pululan por distintos centros, a la espera de que la Generalitat de Catalu\u00f1a \u00a0se decida por fin a convocar oposiciones. El nombre de su verdugo no se puede decir porque es un menor y ha de ser protegido, y el nombre de Abel Mart\u00ednez se ningunea simplemente porque a pocos les interesa saberlo. Adem\u00e1s no es pol\u00edticamente correcto hablar mucho del tema, no sea que la sociedad tarde en olvidar lo sucedido, y a su asesino le cueste trabajo ser aceptado como uno m\u00e1s en el futuro. La vida de Abel Mart\u00ednez da igual, porque ya no tiene futuro. Por la misma raz\u00f3n se eliminaron los altarcitos de velas y flores que sus compa\u00f1eros y alumnos hab\u00edan colocado a la entrada del Instituto. Era mejor as\u00ed, para restablecer la normalidad, la vida de todos los d\u00edas, como si nada extraordinario hubiera sucedido: un profesor menos, que ya habr\u00e1 sido sustituido por otro interino, y a correr. \u00bfQu\u00e9 hubiera pasado si en vez de un profesor hubiera sido un juez, un pol\u00edtico o un militar?, \u00bfY si hubiera sido un cantante o un futbolista? No quiero ni pensarlo. Pero Abel Mart\u00ednez era un profesor. \u00bfResponsabilidad? Ninguna por parte de nadie, en tal caso de los propios profesores, que no han sabido detectar a tiempo a un alumno problem\u00e1tico. Sin embargo, yo quiero recordar hoy a Abel Mart\u00ednez, el joven profesor que muri\u00f3 asesinado mientras cumpl\u00eda con su trabajo siguiendo su vocaci\u00f3n, en verdadero acto de servicio a la sociedad, es decir, a todos nosotros. Y recomendar\u00eda a sus compa\u00f1eros que les hablen de Abel Mart\u00ednez a sus alumnos, para que tarden mucho mucho tiempo en olvidarle, para que no regresen con facilidad a esa normalidad absurda bajo la que se entierran la verdad y el sentido. Y a todos ustedes no me atrevo a pedirles que le dediquen a Abel Mart\u00ednez el Requiem de Mozart, que eso solo se hace en los funerales de gente importante, pero al menos les pido que recen entre labios, sin hacer mucho ruido, la peque\u00f1a oraci\u00f3n de Aretha Franklin, la que rezamos incluso los descre\u00eddos por los peque\u00f1os h\u00e9roes sin nombre, tan inocentes como Abel Mart\u00ednez.<\/p>\n","protected":false},"excerpt":{"rendered":"<p>Hoy voy a escribir una columna peque\u00f1a, porque est\u00e1 dedicada a un suceso que ha sido tratado como insignificante por los medios de comunicaci\u00f3n. Su protagonista es Abel Mart\u00ednez. \u00bfOs suena este nombre?- pregunt\u00e9 a mis conocidos. No les sonaba de nada. Solo una amiga me dijo que era el t\u00edtulo de una novela de [&hellip;]<\/p>\n","protected":false},"author":23,"featured_media":0,"comment_status":"open","ping_status":"open","sticky":false,"template":"","format":"standard","meta":[],"categories":[5],"tags":[],"_links":{"self":[{"href":"https:\/\/blogs.elnortedecastilla.es\/cosas-como-son\/wp-json\/wp\/v2\/posts\/386"}],"collection":[{"href":"https:\/\/blogs.elnortedecastilla.es\/cosas-como-son\/wp-json\/wp\/v2\/posts"}],"about":[{"href":"https:\/\/blogs.elnortedecastilla.es\/cosas-como-son\/wp-json\/wp\/v2\/types\/post"}],"author":[{"embeddable":true,"href":"https:\/\/blogs.elnortedecastilla.es\/cosas-como-son\/wp-json\/wp\/v2\/users\/23"}],"replies":[{"embeddable":true,"href":"https:\/\/blogs.elnortedecastilla.es\/cosas-como-son\/wp-json\/wp\/v2\/comments?post=386"}],"version-history":[{"count":0,"href":"https:\/\/blogs.elnortedecastilla.es\/cosas-como-son\/wp-json\/wp\/v2\/posts\/386\/revisions"}],"wp:attachment":[{"href":"https:\/\/blogs.elnortedecastilla.es\/cosas-como-son\/wp-json\/wp\/v2\/media?parent=386"}],"wp:term":[{"taxonomy":"category","embeddable":true,"href":"https:\/\/blogs.elnortedecastilla.es\/cosas-como-son\/wp-json\/wp\/v2\/categories?post=386"},{"taxonomy":"post_tag","embeddable":true,"href":"https:\/\/blogs.elnortedecastilla.es\/cosas-como-son\/wp-json\/wp\/v2\/tags?post=386"}],"curies":[{"name":"wp","href":"https:\/\/api.w.org\/{rel}","templated":true}]}}