{"id":431,"date":"2016-01-06T02:05:24","date_gmt":"2016-01-06T01:05:24","guid":{"rendered":"http:\/\/blogs.elnortedecastilla.es\/cosas-como-son\/?p=431"},"modified":"2016-01-06T02:05:24","modified_gmt":"2016-01-06T01:05:24","slug":"recordando-a-luis-javier-moreno","status":"publish","type":"post","link":"https:\/\/blogs.elnortedecastilla.es\/cosas-como-son\/2016\/01\/06\/recordando-a-luis-javier-moreno\/","title":{"rendered":"Recordando a Luis Javier Moreno"},"content":{"rendered":"<p>Muchos son los poetas que anuncian las circunstancias, el momento o el lugar de su muerte de manera prof\u00e9tica. As\u00ed lo hizo Luis Javier Moreno (diciembre, 1946), que muri\u00f3 a finales de a\u00f1o, como \u00e9l mismo hab\u00eda vaticinado en un poema publicado en 2005: \u201cComo para nacer, tambi\u00e9n diciembre\/ es un discreto mes para morirse\/(\u2026)Imitaba los gestos se burlaba\/ del prop\u00f3sito enf\u00e1tico\/ de sus contempor\u00e1neos\u2026\/ Quer\u00eda ver las H\u00e9bridas\/ (no le quedaba ning\u00fan espacio\/ donde seguir mintiendo cort\u00e9smente)\/ antes de que en diciembre \u00e9l se muriera\/ en la p\u00farpura oscura de la aurora\u201d. Y su muerte pas\u00f3 casi inadvertida como les suele suceder a los poetas de dedicaci\u00f3n exclusiva, esos cuya figura no se asocia a otras actividades de relevancia social ni sus versos llegan a ser pasto de los cantautores. Sin embargo, este poeta segoviano y universal hab\u00eda sembrado y cosechado amistades sin n\u00famero, sobre todo entre los amantes de la poes\u00eda, que a pesar de no ser muchos, suelen ser gente fiel. Algo raro les ofrec\u00eda Luis Javier a estos raros lectores, y yo dir\u00eda incluso que algo \u00fanico entre sus contempor\u00e1neos: una mezcla de sabidur\u00eda, amargura, ternura e iron\u00eda, muy pr\u00f3xima a los cl\u00e1sicos grecolatinos con los que dialogaba en sus versos de igual a igual. Obediente a su consejo de apurar la copa que le ofrec\u00eda cada instante, Luis Javier Moreno hizo del \u201ccarpe diem\u201d su m\u00e1xima encarnada, pues nadie como \u00e9l goz\u00f3 de lo inmediato con tanta profundidad, despreciando los dones prometidos para un futuro incierto. Y por encima de todos los placeres que disfrut\u00f3 \u2013yo no conozco que se privara de ninguno- situ\u00f3 el placer de la contemplaci\u00f3n art\u00edstica. Fruto de ese intenso deleite fue su libro \u201cEl final de la contemplaci\u00f3n\u201d, donde poes\u00eda y pintura aparecen \u00edntimamente abrazadas. Pero no solo el arte poblaba sus versos, tambi\u00e9n lo hac\u00edan especies como las vacas o los cerdos, los perros o los p\u00e1jaros, los caballos, los poetas\u2026. \u00bfDe d\u00f3nde sal\u00eda ese conocimiento \u00edntimo que mostraba Luis Javier Moreno de los poetas que am\u00f3, sobre todo ingleses y norteamericanos, y de los que parec\u00eda conocer sus secretos m\u00e1s escondidos? Quiz\u00e1 fueron ellos, los cl\u00e1sicos antiguos y modernos, a los que en algunos casos tradujo con una naturalidad pasmosa, los que le aconsejaron que escribiera de una forma tan singular, con un verso prolongado, generoso, casi coloquial, sin dejar de ser r\u00edtmico y exacto. Ellos sin duda le ense\u00f1aron tambi\u00e9n a desearlo todo y a no esperar nada, como solo saben hacerlo los potas sabios, aquellos que han aprendieron pronto a perdonar la petulancia de los ignorantes. \u201cVivir es un rel\u00e1mpago sobre el desali\u00f1ado\/ jard\u00edn de la memoria\u201d, escribi\u00f3 una vez. Y este jard\u00edn nuestro est\u00e1 hoy m\u00e1s desali\u00f1ado que nunca, ahora que ya no esperamos que caiga el rel\u00e1mpago vivificante de su voz po\u00e9tica. S\u00ed, el nuevo a\u00f1o ha nacido con este silencio apesadumbrado, pero si abrimos cualquiera de las obras de Luis Javier Moreno, volvemos a escuchar la m\u00fasica callada de su poes\u00eda.\u00a0 Por eso este mismo viernes d\u00eda ocho, en la Fundaci\u00f3n Segundo y Santiago Montes, donde habitualmente acud\u00eda a presentar todos sus libros, recordaremos al poeta con lo mucho que nos queda de \u00e9l, recorriendo el camino de sus versos, leyendo el poema suyo que cada uno hemos hecho nuestro. Para los que gusten de la poes\u00eda y solo para ellos, un fest\u00edn suculento. No se lo pierdan, est\u00e1n todos invitados.<\/p>\n","protected":false},"excerpt":{"rendered":"<p>Muchos son los poetas que anuncian las circunstancias, el momento o el lugar de su muerte de manera prof\u00e9tica. As\u00ed lo hizo Luis Javier Moreno (diciembre, 1946), que muri\u00f3 a finales de a\u00f1o, como \u00e9l mismo hab\u00eda vaticinado en un poema publicado en 2005: \u201cComo para nacer, tambi\u00e9n diciembre\/ es un discreto mes para morirse\/(\u2026)Imitaba [&hellip;]<\/p>\n","protected":false},"author":23,"featured_media":0,"comment_status":"open","ping_status":"open","sticky":false,"template":"","format":"standard","meta":[],"categories":[5],"tags":[],"_links":{"self":[{"href":"https:\/\/blogs.elnortedecastilla.es\/cosas-como-son\/wp-json\/wp\/v2\/posts\/431"}],"collection":[{"href":"https:\/\/blogs.elnortedecastilla.es\/cosas-como-son\/wp-json\/wp\/v2\/posts"}],"about":[{"href":"https:\/\/blogs.elnortedecastilla.es\/cosas-como-son\/wp-json\/wp\/v2\/types\/post"}],"author":[{"embeddable":true,"href":"https:\/\/blogs.elnortedecastilla.es\/cosas-como-son\/wp-json\/wp\/v2\/users\/23"}],"replies":[{"embeddable":true,"href":"https:\/\/blogs.elnortedecastilla.es\/cosas-como-son\/wp-json\/wp\/v2\/comments?post=431"}],"version-history":[{"count":0,"href":"https:\/\/blogs.elnortedecastilla.es\/cosas-como-son\/wp-json\/wp\/v2\/posts\/431\/revisions"}],"wp:attachment":[{"href":"https:\/\/blogs.elnortedecastilla.es\/cosas-como-son\/wp-json\/wp\/v2\/media?parent=431"}],"wp:term":[{"taxonomy":"category","embeddable":true,"href":"https:\/\/blogs.elnortedecastilla.es\/cosas-como-son\/wp-json\/wp\/v2\/categories?post=431"},{"taxonomy":"post_tag","embeddable":true,"href":"https:\/\/blogs.elnortedecastilla.es\/cosas-como-son\/wp-json\/wp\/v2\/tags?post=431"}],"curies":[{"name":"wp","href":"https:\/\/api.w.org\/{rel}","templated":true}]}}