{"id":16,"date":"2010-02-22T23:41:00","date_gmt":"2010-02-22T23:41:00","guid":{"rendered":"http:\/\/blogs.elnortedecastilla.es\/cosas-pasan\/?p=16"},"modified":"2010-02-22T23:41:00","modified_gmt":"2010-02-22T23:41:00","slug":"el-sobrino-aznar-eurovision","status":"publish","type":"post","link":"https:\/\/blogs.elnortedecastilla.es\/cosas-pasan\/2010\/02\/22\/el-sobrino-aznar-eurovision\/","title":{"rendered":"El sobrino de Aznar, en Eurovisi\u00f3n"},"content":{"rendered":"<p>De verdad, os juro que me iba a la cama. Pero en el zapping final recal\u00e9 en la gala de Eurovisi\u00f3n de la Primera. De verdad que no la quer\u00eda ver. Demasido mundo-friqui para m\u00ed. Y no es que Eurovisi\u00f3n no me guste, no. Es que estas selecciones previas son infumables. Era mejor cuando el artista se conoc\u00eda al final y no nos hac\u00edan pasar ese trago. Reconozco que el festival europeo me ha fascinado desde ni\u00f1a. No s\u00e9 que me parece m\u00e1s incre\u00edble, si esas actuaciones de colores chillones y m\u00fasica hiperpasada de revoluciones, o el hecho de que se conozca con antelaci\u00f3n hist\u00f3rica el resultado de las votaciones. Est\u00e1 claro que que gane Espa\u00f1a es imposible por razones matem\u00e1ticas. La culpa la tienen las fronteras. Si a cada pa\u00eds le vota el de al lado, nosotros s\u00f3lo recibimos puntuaciones de Portugal y Andorra, pero no siempre compiten y claro, eso es un problema. Francia, \u00faltimamente nos deja alg\u00fan votillo; pero como ellos van por libre, nunca se sabe. S\u00f3lo hay que ver que a\u00f1o tras a\u00f1o llevan una balada, y eso que en Eurovisi\u00f3n nunca gana un lento; lo sabe cualquiera.<br \/>\n\u00bfQui\u00e9n m\u00e1s nos vota? Grecia, por la Reina; y Suiza, por los emigrantes espa\u00f1oles&#8230; Y deja de contar. Con ese panorama&#8230; \u00bfqu\u00e9 artista consagrado se va someter a semejante menosprecio?<br \/>\nEst\u00e1 claro que cantantes totalmente desconocidos que anhelan publicidad como sea, triunfitos y friquis totalmente devergonzados. De esta \u00faltima clase es el que ha hecho sudar la gota gorda a Anne Igartiburu; de profesi\u00f3n presentadora-super-correcta-de-cualquier-gala-de-la-Primera y una de las sonrisas m\u00e1s dulces de la tele.<br \/>\nYo estoy segura de que la vasca no hab\u00eda vivido nunca ante las c\u00e1maras una situaci\u00f3n tan violenta como la que ha tenido que enfrentar con uno de los candidatos a Eurovisi\u00f3n: el inefable John Cobra.<br \/>\nTras la actuaci\u00f3n de este personaje, llegaron los pitidos y abucheos del p\u00fablico. El t\u00edo, sin cortarse, empez\u00f3 a insultar al p\u00fablico. M\u00e1s abucheos, y el Cobra que se coge la entrepierna mientras acompa\u00f1aba el cl\u00e1sico adem\u00e1n de Bardem en la pel\u00edcula Huevos de Oro con frases tan elocuentes como &#8220;Que os den por &#8230;&#8221; o &#8220;Si no os gusta mi canci\u00f3n me c&#8230; la p..&#8221;.<br \/>\nPrefiero no reproducir los improperios por respeto a la Igartiburu. La pobre no pod\u00eda parar semejante torrente de groser\u00edas y falta de respeto. En sus ojos brillaban las l\u00e1grimas y s\u00f3lo supo decir. &#8220;Vale, cari\u00f1o, vale, ya pas\u00f3&#8221;.<br \/>\nComo si el deslenguao fuera su sobrinito. Pero John Cobra, m\u00e1s que de la presentadora de Coraz\u00f3n de verano, parec\u00eda pariente de Aznar. Juntos podr\u00edan hacer un duo, el duo &#8220;Toma Moreno&#8221;. \u00bfPero c\u00f3mo se le recrimina a un joven su mal comportamiento cuando lo \u00fanico que hace es emular a todo un ex presidente? A los dos les mandaba yo con la Super-nany, que esa s\u00ed que sabe de buenos modales.<br \/>\nAl final, y qu\u00e9 alivio, al final no gan\u00f3. Ser\u00e1 Daniel Diges quien se pegar\u00e1 por los \u00faltimos puestos en Eurovisi\u00f3n. Esta vez tampoco ganamos.<br \/>\nHasta siempre, corazones.<\/p>\n<p><object style=\"border: 0pt none; margin: 0pt; background: none repeat scroll 0% 0% transparent; -moz-background-inline-policy: continuous;\" width=\"425\" height=\"344\"><param  name=\"movie\" value=\"http:\/\/www.youtube.com\/v\/h6063Uzmmx4&#038;hl=es_ES&#038;fs=1&#038;\"><\/param><param  name=\"allowFullScreen\" value=\"true\"><\/param><param  name=\"allowscriptaccess\" value=\"always\"><\/param><embed  src=\"\/\/www.youtube.com\/v\/h6063Uzmmx4&#038;hl=es_ES&#038;fs=1&#038;\" type=\"application\/x-shockwave-flash\" allowscriptaccess=\"always\" allowfullscreen=\"true\" width=\"425\" height=\"344\"><\/embed><\/object><\/p>\n","protected":false},"excerpt":{"rendered":"<p>De verdad, os juro que me iba a la cama. Pero en el zapping final recal\u00e9 en la gala de Eurovisi\u00f3n de la Primera. De verdad que no la quer\u00eda ver. Demasido mundo-friqui para m\u00ed. Y no es que Eurovisi\u00f3n no me guste, no. Es que estas selecciones previas son infumables. Era mejor cuando el [&hellip;]<\/p>\n","protected":false},"author":19,"featured_media":0,"comment_status":"open","ping_status":"closed","sticky":false,"template":"","format":"standard","meta":[],"categories":[3],"tags":[],"_links":{"self":[{"href":"https:\/\/blogs.elnortedecastilla.es\/cosas-pasan\/wp-json\/wp\/v2\/posts\/16"}],"collection":[{"href":"https:\/\/blogs.elnortedecastilla.es\/cosas-pasan\/wp-json\/wp\/v2\/posts"}],"about":[{"href":"https:\/\/blogs.elnortedecastilla.es\/cosas-pasan\/wp-json\/wp\/v2\/types\/post"}],"author":[{"embeddable":true,"href":"https:\/\/blogs.elnortedecastilla.es\/cosas-pasan\/wp-json\/wp\/v2\/users\/19"}],"replies":[{"embeddable":true,"href":"https:\/\/blogs.elnortedecastilla.es\/cosas-pasan\/wp-json\/wp\/v2\/comments?post=16"}],"version-history":[{"count":0,"href":"https:\/\/blogs.elnortedecastilla.es\/cosas-pasan\/wp-json\/wp\/v2\/posts\/16\/revisions"}],"wp:attachment":[{"href":"https:\/\/blogs.elnortedecastilla.es\/cosas-pasan\/wp-json\/wp\/v2\/media?parent=16"}],"wp:term":[{"taxonomy":"category","embeddable":true,"href":"https:\/\/blogs.elnortedecastilla.es\/cosas-pasan\/wp-json\/wp\/v2\/categories?post=16"},{"taxonomy":"post_tag","embeddable":true,"href":"https:\/\/blogs.elnortedecastilla.es\/cosas-pasan\/wp-json\/wp\/v2\/tags?post=16"}],"curies":[{"name":"wp","href":"https:\/\/api.w.org\/{rel}","templated":true}]}}