{"id":17,"date":"2010-02-24T14:17:00","date_gmt":"2010-02-24T14:17:00","guid":{"rendered":"http:\/\/blogs.elnortedecastilla.es\/cosas-pasan\/?p=17"},"modified":"2010-02-24T14:17:00","modified_gmt":"2010-02-24T14:17:00","slug":"camps-tiene-trajes","status":"publish","type":"post","link":"https:\/\/blogs.elnortedecastilla.es\/cosas-pasan\/2010\/02\/24\/camps-tiene-trajes\/","title":{"rendered":"Camps no tiene para trajes"},"content":{"rendered":"<p>No entiendo el revuelo que se ha formado con <A href=\"http:\/\/www.elnortedecastilla.es\/rc\/20100223\/mas-actualidad\/espana\/camps-tiene-euros-piso-201002231434.html\" rel=\"nofollow\" title=\"http:\/\/www.nortecastilla.es\/rc\/20100223\/mas-actualidad\/espana\/camps-tiene-euros-piso-201002231434.html\" id=\"link_0\">el patrimonio de Francisco Camps<\/a>, presidente de la Generalitat Valenciana y superviviente pol\u00edtico indiscutible del <A href=\"http:\/\/www.elnortedecastilla.es\/20090518\/mas-actualidad\/espana\/todos-imputados-caso-gurtel-200905181720.html\" rel=\"nofollow\" title=\"http:\/\/www.nortecastilla.es\/20090518\/mas-actualidad\/espana\/todos-imputados-caso-gurtel-200905181720.html\" id=\"link_2\">caso G\u00fcrtel<\/a>. Seg\u00fan los datos publicados en el Bolet\u00edn Oficial de la Comunidad  Valenciana, el saldo que arroja su cuenta corriente asciende a 905,91 euros. Bue<IMG src=\"https:\/\/blogs.elnortedecastilla.es\/cosas-pasan\/files\/Camps.jpg\" id=\"img_0\" class=\"imgdcha\">no, tiene otra cuenta, con su mujer. En \u00e9sta, la cantidad es un poco mejor, de 2.779,12 euros (ser\u00e1 porque las mujeres dicen que administramos mejor, pero yo no lo creo). El patrimonio de Camps se completa con un coche Saab 900 S matriculado en 1995 y con un valor de 1.500 euros y una casa en copropiedad valorada en 110.339. Todo ello sin pr\u00e9stamos bancarios, ni hipotecas, ni nada, de nada.<br \/>\n\u00bfVaya decepci\u00f3n! Yo pensaba que el sueldo de un presidente de comunidad daba para algo m\u00e1s. Con raz\u00f3n, Francisco <A href=\"http:\/\/www.elnortedecastilla.es\/20090521\/mas-actualidad\/espana\/gurtel-camps-comparece-cortes-200905211022.html\" rel=\"nofollow\" title=\"http:\/\/www.nortecastilla.es\/20090521\/mas-actualidad\/espana\/gurtel-camps-comparece-cortes-200905211022.html\" id=\"link_1\">declar\u00f3 ante el juez<\/a>  que hab\u00eda pagado en met\u00e1lico los trajes m\u00e1s famosos del panorama pol\u00edtico. Incluso, dijo, tuvo que pedirle 150 euros a su escolta para pagar una chaqueta. (Vaya marr\u00f3n, para el de seguridad. Espero que se los haya devuelto, que 150 euros son 150 euros. Que encima de estar trabajando, ya el colmo es que te pidan pasta).<\/p>\n<p>Entonces, est\u00e1 claro que Francisco Camps no ha mentido. Otra cosa es su escasa capacidad de ahorro. Vamos, hablando el plata. Que se lo pule todo. \u00bfY qu\u00e9? \u00bfSe le va a criticar tambi\u00e9n por eso? \u00bfNo dice nuestro presidente del Gobierno que hay que mover el dinero? Pues el valenciano, lo mueve, vaya si lo mueve. Y por eso, tambi\u00e9n se le afea su comportamiento financiero. Ya son ganas de molestar que tienen la gente.<br \/>\nY lo del piso&#8230; Bueno, pues est\u00e1 bien, \u00bfno? Una casita discreta. Pero claro, imag\u00ednense si tuviera una finca valorada en 600.000 euros, \u00bfqu\u00e9 ocurrir\u00eda? Lo de siempre. Que otra vez a Camps le tirar\u00edan a los pies de los caballos. Si gasta, porque gasta, si ahorra porque ahorra. \u00a1Qu\u00e9 duro es ser pol\u00edtico! Cada euro que uno gana se expone a la opini\u00f3n p\u00fablica. Y eso sin contar en la gesti\u00f3n, que incluso hay quien se atreve a valorar lo que uno hace con el dinero de todos. Un desprop\u00f3sito.<br \/>\nYo desde aqu\u00ed pido un poco de comprensi\u00f3n para Francisco, que si acaso algo hay que afearle es que no haya cambiado de coche desde 1995. \u00bfPero no conoce los planes Renove del Gobierno? \u00bfacaso no entiende que hay que impulsar el sector?<br \/>\nVenga Paco, c\u00e1mbiate de auto. Y si no f\u00edjate en tu \u00bfcompa\u00f1ero? Ricardo Costa. \u00c9l s\u00ed que sabe de coches. Seguro que su Infiniti era la envidia del partido. Y sigue moviendo el dinero, que as\u00ed se levanta un pa\u00eds. O por lo menos eso dice Zapatero.<\/p>\n<p><IMG src=\"https:\/\/blogs.elnortedecastilla.es\/cosas-pasan\/files\/Saab1995.jpg\" id=\"img_0\" class=\"imgcen\">     Modelo similar al Saab del presidente.<\/p>\n<p><IMG src=\"https:\/\/blogs.elnortedecastilla.es\/cosas-pasan\/files\/Infinitibuena.jpg\" id=\"img_0\" class=\"imgcen\"><\/p>\n<blockquote><p>Infiniti. A Costa le dur\u00f3 tres meses.\n<\/p><\/blockquote>\n<blockquote><\/blockquote>\n<blockquote><\/blockquote>\n","protected":false},"excerpt":{"rendered":"<p>No entiendo el revuelo que se ha formado con el patrimonio de Francisco Camps, presidente de la Generalitat Valenciana y superviviente pol\u00edtico indiscutible del caso G\u00fcrtel. Seg\u00fan los datos publicados en el Bolet\u00edn Oficial de la Comunidad Valenciana, el saldo que arroja su cuenta corriente asciende a 905,91 euros. Bueno, tiene otra cuenta, con su [&hellip;]<\/p>\n","protected":false},"author":19,"featured_media":0,"comment_status":"open","ping_status":"closed","sticky":false,"template":"","format":"standard","meta":[],"categories":[2,1],"tags":[59,132],"_links":{"self":[{"href":"https:\/\/blogs.elnortedecastilla.es\/cosas-pasan\/wp-json\/wp\/v2\/posts\/17"}],"collection":[{"href":"https:\/\/blogs.elnortedecastilla.es\/cosas-pasan\/wp-json\/wp\/v2\/posts"}],"about":[{"href":"https:\/\/blogs.elnortedecastilla.es\/cosas-pasan\/wp-json\/wp\/v2\/types\/post"}],"author":[{"embeddable":true,"href":"https:\/\/blogs.elnortedecastilla.es\/cosas-pasan\/wp-json\/wp\/v2\/users\/19"}],"replies":[{"embeddable":true,"href":"https:\/\/blogs.elnortedecastilla.es\/cosas-pasan\/wp-json\/wp\/v2\/comments?post=17"}],"version-history":[{"count":0,"href":"https:\/\/blogs.elnortedecastilla.es\/cosas-pasan\/wp-json\/wp\/v2\/posts\/17\/revisions"}],"wp:attachment":[{"href":"https:\/\/blogs.elnortedecastilla.es\/cosas-pasan\/wp-json\/wp\/v2\/media?parent=17"}],"wp:term":[{"taxonomy":"category","embeddable":true,"href":"https:\/\/blogs.elnortedecastilla.es\/cosas-pasan\/wp-json\/wp\/v2\/categories?post=17"},{"taxonomy":"post_tag","embeddable":true,"href":"https:\/\/blogs.elnortedecastilla.es\/cosas-pasan\/wp-json\/wp\/v2\/tags?post=17"}],"curies":[{"name":"wp","href":"https:\/\/api.w.org\/{rel}","templated":true}]}}