{"id":19,"date":"2010-03-07T14:49:00","date_gmt":"2010-03-07T14:49:00","guid":{"rendered":"http:\/\/blogs.elnortedecastilla.es\/cosas-pasan\/?p=19"},"modified":"2010-03-07T14:49:00","modified_gmt":"2010-03-07T14:49:00","slug":"talento-valladolid","status":"publish","type":"post","link":"https:\/\/blogs.elnortedecastilla.es\/cosas-pasan\/2010\/03\/07\/talento-valladolid\/","title":{"rendered":"Talento de Valladolid"},"content":{"rendered":"<p> Inteligencia y aptitud son dos de los t\u00e9rminos que conforman la definici\u00f3n de la palabra talento. Aunque puede referirse a cualquier profesi\u00f3n o ocupaci\u00f3n, normalmente se relaciona con las artes, como la escritura, la m\u00fasica o la interpretaci\u00f3n, sobre todo, en la interpretaci\u00f3n. Cuando un artista es bueno, bueno de verdad, se dice que tiene talento. De eso sabe mucho Roberto Enr\u00edquez, que pas\u00f3 hace unos d\u00edas por el <A href=\"http:\/\/www.elnortedecastilla.es\/v\/20100227\/valladolid\/senora-tenido-final-valiente-20100227.html\" rel=\"nofollow\" title=\"http:\/\/www.nortecastilla.es\/v\/20100227\/valladolid\/senora-tenido-final-valiente-20100227.html\" id=\"link_1\">videochat de nortecastilla.es<\/a> , donde regal\u00f3 a diestro y siniestro simpat\u00eda por doquier. Acostumbrados a verlo de malo, mal\u00edsimo en La Se\u00f1ora, nos fascin\u00f3 descubrir que el vecino de Pajarillos de Valladolid (aunque hay que decir que naci\u00f3 en Fabero, Le\u00f3n) no tienen nada en com\u00fan con el marqu\u00e9s de Castro. Ni siquiera la perilla. De su trabajo hay que decir que se inici\u00f3 en el teatro y que su primera aparici\u00f3n en la tele fue en la m\u00edtica Colegio Mayor. Luego lleg\u00f3 Esencia de Poder, Hospital Central y La Se\u00f1ora (entre muchas otras). En el cine, El alquimista impaciente, Azuloscurocasinegro, Los aires dif\u00edciles, Los Borgia, No me pidas que te bes\u00e9&#8230; hasta la \u00faltima Gordos. Tiene varios premios y ha sido <A href=\"http:\/\/www.elnortedecastilla.es\/20100204\/mas-actualidad\/cultura\/roberto-enriquez-candidato-premios-201002042233.html\" rel=\"nofollow\" title=\"http:\/\/www.nortecastilla.es\/20100204\/mas-actualidad\/cultura\/roberto-enriquez-candidato-premios-201002042233.html\" id=\"link_0\">nominado por su trabajo en La Se\u00f1ora<\/a>  a los premios de la Uni\u00f3n de Actores, que se fallan el 29 de marzo. Desde este blog, cruzo los dedos para que gane Roberto.<\/p>\n<p><IMG src=\"https:\/\/blogs.elnortedecastilla.es\/cosas-pasan\/files\/Roberto.jpg\" id=\"img_0\" class=\"imgcen\" width=\"513\" height=\"291\"><\/p>\n<p>La verdad que es impresionante el n\u00famero de actores y actrices de esta tierra. Seguro que me dejo alguno, pero ah\u00ed va la lista que, por su puesto, la encabeza&#8230;<\/p>\n<ol>\n<li>La gran <A href=\"http:\/\/www.elnortedecastilla.es\/multimedia\/fotos\/ultimos\/47396-anos-concha-velasco-0.html\" rel=\"nofollow\" title=\"http:\/\/www.nortecastilla.es\/multimedia\/fotos\/ultimos\/47396-anos-concha-velasco-0.html\" id=\"link_1\">CONCHA VELASCO<\/a>. A sus pies, una carrera que inici\u00f3 como bailarina.<IMG style=\"width: 86px; height: 167px;\" src=\"https:\/\/blogs.elnortedecastilla.es\/cosas-pasan\/files\/Concha.jpg\" id=\"img_9\" class=\"imgdcha\"> Se ha atrevido con todo, televisi\u00f3n, cine, teatro, flamenco&#8230; Es una de las grandes, por su talento y por su simpat\u00eda. 72 pel\u00edculas, 25 obras de teatro, 23 series y programas de la televisi\u00f3n, dos discos, y decenas de premios, entre ellos el de la Uni\u00f3n de Actores como mejor actriz protagonista de televisi\u00f3n por la serie Herederos y el Premio Nacional de Teatro y, como no, la Medalla de Oro de Valladolid. Lamentable que todav\u00eda no tenga un Goya, un Oscar, y lo que haga falta. \u00bfNo hay un grupo en el Facebook que pida un Goya para Concha? \u00a1Pues hay que crearlo! En El Norte de Castilla todav\u00eda nos acordamos cuando en mayo del 2006 particip\u00f3 en el <A href=\"http:\/\/www.elnortedecastilla.es\/pg060511\/prensa\/noticias\/Portada\/200605\/11\/VAL-POR-385.html\" rel=\"nofollow\" title=\"http:\/\/www.nortecastilla.es\/pg060511\/prensa\/noticias\/Portada\/200605\/11\/VAL-POR-385.html\" id=\"link_0\">videochat de Nortecastilla.es.<\/a>  Toda empat\u00eda y las piernas m\u00e1s bonitas del teatro espa\u00f1ol. Vuelve a visitarnos. Te queremos, &#8220;monstrua&#8221;.\n<\/li>\n<li> <A href=\"http:\/\/www.elnortedecastilla.es\/multimedia\/fotos\/cultura\/47908-juan-antonio-quintana-homenajeado-teatro-zorrilla-0.html\" rel=\"nofollow\" title=\"http:\/\/www.nortecastilla.es\/multimedia\/fotos\/cultura\/47908-juan-antonio-quintana-homenajeado-teatro-zorrilla-0.html\" id=\"link_0\"><IMG src=\"https:\/\/blogs.elnortedecastilla.es\/cosas-pasan\/files\/Quintana.jpg\" id=\"img_3\" class=\"imgizqda\">JUAN ANTONIO QUINTANA<\/a>. Vale, naci\u00f3 en Zaragoza, pero lleg\u00f3 a Valladolid en 1968 y en 1970<font face=\"Arial,Helvetica,Geneva,Swiss,SunSans-Regular\" size=\"2\"> se hizo cargo del Corral de                                            Comedias de esa ciudad.<font face=\"Arial,Helvetica,Geneva,Swiss,SunSans-Regular\" size=\"2\"> En                                            1976 puso en marcha el Aula de Teatro                                            de la Universidad, que todav\u00eda                                            dirige, y cre\u00f3 el Teatro Estable<font face=\"Arial,Helvetica,Geneva,Swiss,SunSans-Regular\" size=\"2\">                                            de Valladolid, ya desaparecido. En 1984                                            recibi\u00f3 la Medalla de Oro al                                            mejor actor, y en 1998 el prestigioso                                            premio Mayte de Teatro por su interpretaci\u00f3n                                            de Yepeto.<span style=\"color: rgb(0, 0, 0);\"><font size=\"2\"><font face=\"Arial,Helvetica,Geneva,Swiss,SunSans-Regular\"> El 2<\/span><\/span><\/span><font size=\"2\"><font face=\"Arial,Helvetica,Geneva,Swiss,SunSans-Regular\"><font size=\"2\"><font face=\"Arial,Helvetica,Geneva,Swiss,SunSans-Regular\"><font size=\"2\"><font face=\"Arial,Helvetica,Geneva,Swiss,SunSans-Regular\"><font size=\"2\"><font face=\"Arial,Helvetica,Geneva,Swiss,SunSans-Regular\"><font size=\"2\"><font face=\"Arial,Helvetica,Geneva,Swiss,SunSans-Regular\"><font size=\"2\"><font face=\"Arial,Helvetica,Geneva,Swiss,SunSans-Regular\"><font size=\"2\"><font face=\"Arial,Helvetica,Geneva,Swiss,SunSans-Regular\"><font size=\"2\"><font face=\"Arial,Helvetica,Geneva,Swiss,SunSans-Regular\"><font size=\"2\"><font face=\"Arial,Helvetica,Geneva,Swiss,SunSans-Regular\"><font size=\"2\"><font face=\"Arial,Helvetica,Geneva,Swiss,SunSans-Regular\"><font size=\"2\"><font face=\"Arial,Helvetica,Geneva,Swiss,SunSans-Regular\"><font size=\"2\"><font face=\"Arial,Helvetica,Geneva,Swiss,SunSans-Regular\"><font size=\"2\"><font face=\"Arial,Helvetica,Geneva,Swiss,SunSans-Regular\"><font size=\"2\"><font face=\"Arial,Helvetica,Geneva,Swiss,SunSans-Regular\"><font size=\"2\"><font face=\"Arial,Helvetica,Geneva,Swiss,SunSans-Regular\"><font size=\"2\"><font face=\"Arial,Helvetica,Geneva,Swiss,SunSans-Regular\"><font size=\"2\"><font face=\"Arial,Helvetica,Geneva,Swiss,SunSans-Regular\"><font size=\"2\"><font face=\"Arial,Helvetica,Geneva,Swiss,SunSans-Regular\"><font size=\"2\"><font face=\"Arial,Helvetica,Geneva,Swiss,SunSans-Regular\"><font size=\"2\"><font face=\"Arial,Helvetica,Geneva,Swiss,SunSans-Regular\"><font size=\"2\"><font face=\"Arial,Helvetica,Geneva,Swiss,SunSans-Regular\"><font size=\"2\"><font face=\"Arial,Helvetica,Geneva,Swiss,SunSans-Regular\"><font size=\"2\"><font face=\"Arial,Helvetica,Geneva,Swiss,SunSans-Regular\"><font size=\"2\"><font face=\"Arial,Helvetica,Geneva,Swiss,SunSans-Regular\"><font size=\"2\"><font face=\"Arial,Helvetica,Geneva,Swiss,SunSans-Regular\"><font size=\"2\"><font face=\"Arial,Helvetica,Geneva,Swiss,SunSans-Regular\"><font size=\"2\"><font face=\"Arial,Helvetica,Geneva,Swiss,SunSans-Regular\"><font size=\"2\"><font face=\"Arial,Helvetica,Geneva,Swiss,SunSans-Regular\"><font size=\"2\"><font face=\"Arial,Helvetica,Geneva,Swiss,SunSans-Regular\"><font size=\"2\"><font face=\"Arial,Helvetica,Geneva,Swiss,SunSans-Regular\"><font size=\"2\"><font face=\"Arial,Helvetica,Geneva,Swiss,SunSans-Regular\"><font size=\"2\"><font face=\"Arial,Helvetica,Geneva,Swiss,SunSans-Regular\"><font size=\"2\"><font face=\"Arial,Helvetica,Geneva,Swiss,SunSans-Regular\">002 fue el a\u00f1o de su reconocimiento                                            popular gracias a la serie de televisi\u00f3n<em>                                            Ana y los siete <\/em><font class=\"nodec\" color=\"#000000\" face=\"verdana,ms sans serif,arial\" size=\"2\"><font face=\"Arial,Helvetica,Geneva,Swiss,SunSans-Regular\" size=\"2\">con Ana Garc\u00eda                                            Obreg\u00f3n. Ha participado en m\u00e1s de 40 obras de teatro, muchas de ellas representadas en Valladolid.\n<p><\/span><\/span><\/span><\/span><\/span><\/span><\/span><\/span><\/span><\/span><\/span><\/span><\/span><\/span><\/span><\/span><\/span><\/span><\/span><\/span><\/span><\/span><\/span><\/span><\/span><\/span><\/span><\/span><\/span><\/span><\/span><\/span><\/span><\/span><\/span><\/span><\/span><\/span><\/span><\/span><\/span><\/span><\/span><\/span><\/span><\/span><\/span><\/span><\/span><\/span><\/span><\/span><\/span><\/span><\/span><\/span><\/span><\/span><\/span><\/span><\/span><\/span><\/span><\/span><\/span><\/span><\/span><\/span><\/span><\/span><\/span><\/li>\n<p><font face=\"Arial,Helvetica,Geneva,Swiss,SunSans-Regular\" size=\"2\"><font face=\"Arial,Helvetica,Geneva,Swiss,SunSans-Regular\" size=\"2\"><font face=\"Arial,Helvetica,Geneva,Swiss,SunSans-Regular\" size=\"2\"><font size=\"2\"><font face=\"Arial,Helvetica,Geneva,Swiss,SunSans-Regular\"><font size=\"2\"><font face=\"Arial,Helvetica,Geneva,Swiss,SunSans-Regular\"><font size=\"2\"><font face=\"Arial,Helvetica,Geneva,Swiss,SunSans-Regular\"><font size=\"2\"><font face=\"Arial,Helvetica,Geneva,Swiss,SunSans-Regular\"><font size=\"2\"><font face=\"Arial,Helvetica,Geneva,Swiss,SunSans-Regular\"><font size=\"2\"><font face=\"Arial,Helvetica,Geneva,Swiss,SunSans-Regular\"><font size=\"2\"><font face=\"Arial,Helvetica,Geneva,Swiss,SunSans-Regular\"><font size=\"2\"><font face=\"Arial,Helvetica,Geneva,Swiss,SunSans-Regular\"><font size=\"2\"><font face=\"Arial,Helvetica,Geneva,Swiss,SunSans-Regular\"><font size=\"2\"><font face=\"Arial,Helvetica,Geneva,Swiss,SunSans-Regular\"><font size=\"2\"><font face=\"Arial,Helvetica,Geneva,Swiss,SunSans-Regular\"><font size=\"2\"><font face=\"Arial,Helvetica,Geneva,Swiss,SunSans-Regular\"><font size=\"2\"><font face=\"Arial,Helvetica,Geneva,Swiss,SunSans-Regular\"><font size=\"2\"><font face=\"Arial,Helvetica,Geneva,Swiss,SunSans-Regular\"><font size=\"2\"><font face=\"Arial,Helvetica,Geneva,Swiss,SunSans-Regular\"><font size=\"2\"><font face=\"Arial,Helvetica,Geneva,Swiss,SunSans-Regular\"><font size=\"2\"><font face=\"Arial,Helvetica,Geneva,Swiss,SunSans-Regular\"><font size=\"2\"><font face=\"Arial,Helvetica,Geneva,Swiss,SunSans-Regular\"><font size=\"2\"><font face=\"Arial,Helvetica,Geneva,Swiss,SunSans-Regular\"><font size=\"2\"><font face=\"Arial,Helvetica,Geneva,Swiss,SunSans-Regular\"><font size=\"2\"><font face=\"Arial,Helvetica,Geneva,Swiss,SunSans-Regular\"><font size=\"2\"><font face=\"Arial,Helvetica,Geneva,Swiss,SunSans-Regular\"><font size=\"2\"><font face=\"Arial,Helvetica,Geneva,Swiss,SunSans-Regular\"><font size=\"2\"><font face=\"Arial,Helvetica,Geneva,Swiss,SunSans-Regular\"><font size=\"2\"><font face=\"Arial,Helvetica,Geneva,Swiss,SunSans-Regular\"><font size=\"2\"><font face=\"Arial,Helvetica,Geneva,Swiss,SunSans-Regular\"><font size=\"2\"><font face=\"Arial,Helvetica,Geneva,Swiss,SunSans-Regular\"><font size=\"2\"><font face=\"Arial,Helvetica,Geneva,Swiss,SunSans-Regular\"><font size=\"2\"><font face=\"Arial,Helvetica,Geneva,Swiss,SunSans-Regular\"><font size=\"2\"><font face=\"Arial,Helvetica,Geneva,Swiss,SunSans-Regular\"><font size=\"2\"><font face=\"Arial,Helvetica,Geneva,Swiss,SunSans-Regular\"><font size=\"2\"><font face=\"Arial,Helvetica,Geneva,Swiss,SunSans-Regular\"><font size=\"2\"><font face=\"Arial,Helvetica,Geneva,Swiss,SunSans-Regular\"><font class=\"nodec\" color=\"#000000\" face=\"verdana,ms sans serif,arial\" size=\"2\"><font face=\"Arial,Helvetica,Geneva,Swiss,SunSans-Regular\" size=\"2\"><font face=\"Arial,Helvetica,Geneva,Swiss,SunSans-Regular\" size=\"2\"><font face=\"Arial,Helvetica,Geneva,Swiss,SunSans-Regular\" size=\"2\"><font face=\"Arial,Helvetica,Geneva,Swiss,SunSans-Regular\" size=\"2\"><font size=\"2\"><font face=\"Arial,Helvetica,Geneva,Swiss,SunSans-Regular\"><font size=\"2\"><font face=\"Arial,Helvetica,Geneva,Swiss,SunSans-Regular\"><font size=\"2\"><font face=\"Arial,Helvetica,Geneva,Swiss,SunSans-Regular\"><font size=\"2\"><font face=\"Arial,Helvetica,Geneva,Swiss,SunSans-Regular\"><font size=\"2\"><font face=\"Arial,Helvetica,Geneva,Swiss,SunSans-Regular\"><font size=\"2\"><font face=\"Arial,Helvetica,Geneva,Swiss,SunSans-Regular\"><font size=\"2\"><font face=\"Arial,Helvetica,Geneva,Swiss,SunSans-Regular\"><font size=\"2\"><font face=\"Arial,Helvetica,Geneva,Swiss,SunSans-Regular\"><font size=\"2\"><font face=\"Arial,Helvetica,Geneva,Swiss,SunSans-Regular\"><font size=\"2\"><font face=\"Arial,Helvetica,Geneva,Swiss,SunSans-Regular\"><font size=\"2\"><font face=\"Arial,Helvetica,Geneva,Swiss,SunSans-Regular\"><font size=\"2\"><font face=\"Arial,Helvetica,Geneva,Swiss,SunSans-Regular\"><font size=\"2\"><font face=\"Arial,Helvetica,Geneva,Swiss,SunSans-Regular\"><font size=\"2\"><font face=\"Arial,Helvetica,Geneva,Swiss,SunSans-Regular\"><font size=\"2\"><font face=\"Arial,Helvetica,Geneva,Swiss,SunSans-Regular\"><font size=\"2\"><font face=\"Arial,Helvetica,Geneva,Swiss,SunSans-Regular\"><font size=\"2\"><font face=\"Arial,Helvetica,Geneva,Swiss,SunSans-Regular\"><font size=\"2\"><font face=\"Arial,Helvetica,Geneva,Swiss,SunSans-Regular\"><font size=\"2\"><font face=\"Arial,Helvetica,Geneva,Swiss,SunSans-Regular\"><font size=\"2\"><font face=\"Arial,Helvetica,Geneva,Swiss,SunSans-Regular\"><font size=\"2\"><font face=\"Arial,Helvetica,Geneva,Swiss,SunSans-Regular\"><font size=\"2\"><font face=\"Arial,Helvetica,Geneva,Swiss,SunSans-Regular\"><font size=\"2\"><font face=\"Arial,Helvetica,Geneva,Swiss,SunSans-Regular\"><font size=\"2\"><font face=\"Arial,Helvetica,Geneva,Swiss,SunSans-Regular\"><font size=\"2\"><font face=\"Arial,Helvetica,Geneva,Swiss,SunSans-Regular\"><font size=\"2\"><font face=\"Arial,Helvetica,Geneva,Swiss,SunSans-Regular\"><font size=\"2\"><font face=\"Arial,Helvetica,Geneva,Swiss,SunSans-Regular\"><font size=\"2\"><font face=\"Arial,Helvetica,Geneva,Swiss,SunSans-Regular\"><font size=\"2\"><font face=\"Arial,Helvetica,Geneva,Swiss,SunSans-Regular\"><font size=\"2\"><font face=\"Arial,Helvetica,Geneva,Swiss,SunSans-Regular\"><font size=\"2\"><font face=\"Arial,Helvetica,Geneva,Swiss,SunSans-Regular\"><font size=\"2\"><font face=\"Arial,Helvetica,Geneva,Swiss,SunSans-Regular\"><font class=\"nodec\" color=\"#000000\" face=\"verdana,ms sans serif,arial\" size=\"2\"><font face=\"Arial,Helvetica,Geneva,Swiss,SunSans-Regular\" size=\"2\"><font face=\"Arial,Helvetica,Geneva,Swiss,SunSans-Regular\" size=\"2\"><font face=\"Arial,Helvetica,Geneva,Swiss,SunSans-Regular\" size=\"2\"><font face=\"Arial,Helvetica,Geneva,Swiss,SunSans-Regular\" size=\"2\"><font size=\"2\"><font face=\"Arial,Helvetica,Geneva,Swiss,SunSans-Regular\"><font size=\"2\"><font face=\"Arial,Helvetica,Geneva,Swiss,SunSans-Regular\"><font size=\"2\"><font face=\"Arial,Helvetica,Geneva,Swiss,SunSans-Regular\"><font size=\"2\"><font face=\"Arial,Helvetica,Geneva,Swiss,SunSans-Regular\"><font size=\"2\"><font face=\"Arial,Helvetica,Geneva,Swiss,SunSans-Regular\"><font size=\"2\"><font face=\"Arial,Helvetica,Geneva,Swiss,SunSans-Regular\"><font size=\"2\"><font face=\"Arial,Helvetica,Geneva,Swiss,SunSans-Regular\"><\/p>\n<li> <A href=\"http:\/\/www.elnortedecastilla.es\/pg060224\/prensa\/noticias\/Cultura\/200602\/24\/VAL-CUL-223.html\" rel=\"nofollow\" title=\"http:\/\/www.nortecastilla.es\/pg060224\/prensa\/noticias\/Cultura\/200602\/24\/VAL-CUL-223.html\" id=\"link_0\"><\/a>LOLA HERRERA.  Otra de las grandes. Naci\u00f3 en el barrio de Las Delicias, donde tiene <IMG src=\"https:\/\/blogs.elnortedecastilla.es\/cosas-pasan\/files\/060D2VP1_1.jpg\" id=\"img_0\" class=\"imgdcha\">una plaza con su nombre. Su trayectoria profesional es tan extensa e intensa que tendr\u00eda que dedicar m\u00e1s de un post a relatarla. Su primer pel\u00edcula fue &#8220;El p\u00f3rtico de la gloria&#8221;. Para televisi\u00f3n, particip\u00f3 en multitud de obras de teatro filmadas, as\u00ed como en varios episodios de &#8220;Historias para no dormir&#8221; y &#8220;Estudios 1&#8221;. En los \u00faltimos a\u00f1os, series como &#8220;Un paso adelante&#8221;, &#8220;La casa de los l\u00edos&#8221; o &#8220;Fuera de lugar&#8221;, han tenido a Lola Herrera entre su elenco. Sobre el escenario, su nombre est\u00e9 vinculado al de Delibes por la obra &#8220;Cinco horas con Mario&#8221;, que ha interpretado durante m\u00e1s de 25 a\u00f1os.\n<\/li>\n<li><A href=\"http:\/\/www.elnortedecastilla.es\/20090212\/television\/mimetizar-personaje-intente-reflejar-20090212.html\" rel=\"nofollow\" title=\"http:\/\/www.nortecastilla.es\/20090212\/television\/mimetizar-personaje-intente-reflejar-20090212.html\" id=\"link_2\"><IMG src=\"https:\/\/blogs.elnortedecastilla.es\/cosas-pasan\/files\/Emilio.jpg\" id=\"img_1\" class=\"imgizqda\" width=\"97\" height=\"125\">EMILIO GUTI\u00c9RREZ CABA.<\/a>  Naci\u00f3 en Valladolid en 1942. Hijo y hermano de actores, su carrera se ha desarrollado entre el cine y el teatro. &#8220;Nueve cartas a Berta&#8221;, &#8220;La colmena&#8221;, &#8220;Las bicicletas son para el verano&#8221;, &#8220;La comunidad&#8221;, &#8220;Amar en tiempos revueltos&#8221;&#8230; Ha participado en m\u00e1s de 80 pel\u00edculas, obras de tearo y series. Cuenta con dos premios Goya, el galard\u00f3n de la Uni\u00f3n de Actores y el Premio Max de las Artes Esc\u00e9nicas.\n<\/li>\n<li><A href=\"http:\/\/agpandorabox.blogspot.com\/2009\/04\/aurora-bautista-el-mito-y-la-actriz.html\" rel=\"nofollow\" title=\"http:\/\/agpandorabox.blogspot.com\/2009\/04\/aurora-bautista-el-mito-y-la-actriz.html\" id=\"link_0\">AURORA BAUTISTA.<\/a>  Natural de la localidad vallisoletana de Villanueva de los <IMG style=\"width: 71px; height: 95px;\" src=\"https:\/\/blogs.elnortedecastilla.es\/cosas-pasan\/files\/Aurora.jpg\" id=\"img_1\" class=\"imgdcha\">Infantes, Aurora Bautista debut\u00f3 con cl\u00e1sicos de &#8220;El sue\u00f1o de una noche de verano&#8221;. En 1948, Juan de Ordu\u00f1a le ofrece interpretar a la reina Juana en la pel\u00edcula &#8220;Locura de amor&#8221;, junto a Fernando Rey. Este papel la convierte en una de las estrellas de cine espa\u00f1ol de la \u00e9poca. Despu\u00e9s llegaron otros \u00e9xitos como &#8220;Peque\u00f1eces&#8221;, &#8220;Agustina de Arag\u00f3n&#8221;, &#8220;La t\u00eda Tula&#8221;, &#8220;Amanece que no es poco&#8221;, &#8220;Tiovivo&#8221;&#8230; Hoy en d\u00eda, a sus ochenta y \u00fan a\u00f1os, vive en el barrio de Salamanca de Madrid con su segundo marido.\n<\/li>\n<li><A href=\"http:\/\/www.fernandocayo.com\/nueva\/\" rel=\"nofollow\" title=\"http:\/\/www.fernandocayo.com\/nueva\/\" id=\"link_1\">FERNANDO CAYO.<\/a> Le hemos visto en los \u00faltimos meses trabajando en dos series de televisi\u00f3n. La primera, en &#8220;La Se\u00f1ora&#8221; junto a Roberto Enr\u00edquez, como el fugitivo Ventura. Adem\u00e1s, se ha metido en la piel del Rey Don Juan Carlos en dos ocasiones. La primera en la miniserie de Antena 3 &#8220;20N&#8221;, donde interpreta al entonces Pr\u00edncipe Juan Carlos en los a\u00f1os en los que falleci\u00f3 Franco. Ya como monarca, Fernando Cayo da vida a un cercano Rey en la serie &#8220;Adolfo Su\u00e1rez&#8221;. Adem\u00e1s de actor, tambi\u00e9n es director y m\u00fasico. Cuenta entre otros con el premio al mejor actor del <A href=\"http:\/\/es.wikipedia.org\/w\/index.php?title=Festival_de_Cine_de_Toulouse&#038;action=edit&#038;redlink=1\" class=\"new\" title=\"Festival de Cine de Toulouse (a\u00fan no redactado)\">Festival de Cine de Toulouse<\/a>, del Festival Internacional de J\u00f3venes Realizadores de Granada, del <A href=\"http:\/\/es.wikipedia.org\/w\/index.php?title=Festival_Ib%C3%A9rico_de_Cine&#038;action=edit&#038;redlink=1\" class=\"new\" title=\"Festival Ib\u00e9rico de Cine (a\u00fan no redactado)\">Festival Ib\u00e9rico de Cine<\/a> de <A href=\"http:\/\/es.wikipedia.org\/wiki\/Badajoz\" rel=\"nofollow\" title=\"Badajoz\">Badajoz<\/a> (<A href=\"http:\/\/es.wikipedia.org\/wiki\/2002\" rel=\"nofollow\" title=\"2002\">2002<\/a>), con el Racimo de Oro de Serrada y el Premio de Teatro Provincia de Valladolid 2007. Sus \u00faltimos trabajos en teatro han sido \u201cPeriba\u00f1ez y el Comendador de Oca\u00f1a\u201d, \u201cEl Viaje del Parnaso\u201d, \u201cTragicomedia de Don Duardos\u201d y \u201cEl curioso impertinente\u201d. En la gran pantalla ha trabajado en &#8220;Mataharis&#8221; y &#8220;El Orfanato&#8221;.\n<p><IMG src=\"https:\/\/blogs.elnortedecastilla.es\/cosas-pasan\/files\/199212_frernado_cayo--253x190.jpg\" id=\"img_1\" class=\"imgcen\"><\/li>\n<li>Los siguientes actores y actrices los voy a englobar en un solo apartado por tener en com\u00fan no s\u00f3lo su lugar de nacimiento, sino tambi\u00e9n el haber trabajado en la misma serie de televisi\u00f3n: &#8220;<A href=\"http:\/\/www.rtve.es\/television\/amarentiemposrevueltos.shtml\" rel=\"nofollow\" title=\"http:\/\/www.rtve.es\/television\/amarentiemposrevueltos.shtml\" id=\"link_0\">Amar en tiempos revueltos<\/a> &#8220;, (dondee trabaj\u00f3 Emilio Guti\u00e9rrez Caba, del que ya he hablado un poco m\u00e1s arriba). Pues en la primera temporada (y ya van cinco), en el papel de la soberbia Eulalia de la Torre, pudimos ver a <A href=\"www.agatalys.com\/\" title=\"www.agatalys.com\/\" id=\"link_1\">\u00c1GATA LYS<\/a> . Margarita (ese es su nombre real) estudi\u00f3 Filosof\u00eda y Letras en Valladolid hasta que convenci\u00f3 a sus padres para que le dejaran viajar a Madrid y aprender all\u00ed Arte Dram\u00e1tico. Su primer trabajo fue como secretaria sexy del &#8220;Un, dos, tres&#8221;. Lleg\u00f3 a protagonizar 12 pel\u00edculas al a\u00f1o; aunque su sue\u00f1o era vestirse de Do\u00f1a In\u00e9s sobre el escenario del Teatro Zorrilla. Su sue\u00f1o se hizo realidad en noviembre de 1974, junto a Armando Calvo.<br \/>\nTambi\u00e9n en la primera temporada de la serie, la bella Paloma era interpretada por una joven vallisoletana, <A href=\"http:\/\/www.elnortedecastilla.es\/20070905\/cultura\/fama-accidente-cultural-algo-20070905.html\" rel=\"nofollow\" title=\"http:\/\/www.nortecastilla.es\/20070905\/cultura\/fama-accidente-cultural-algo-20070905.html\" id=\"link_0\">ANA OTERO<\/a> . Ha participado en diversas series y pel\u00edculas, como &#8220;Compa\u00f1eros&#8221;, &#8220;Cuesti\u00f3n de sexo&#8221;, &#8220;Malena es un nombre de tango&#8221;, &#8220;Todos los hombres sois iguales&#8221;&#8230; Ha sido nominada dos veces a los premios de la Uni\u00f3n de Actores.<br \/>\nY en &#8220;Amar&#8221;, uno de los personajes m\u00e1s queridos es el de Don Pablo, el jefe de camareros del Morocco. Y s\u00ed, lo interpreta otro vallisoletano, PABLO VI\u00d1A, natural de Nava del Rey. Pablo Vi\u00f1a es un actor experimentado que ha intervenido en numerosas obras tanto en la gran pantalla como en el teatro o en la televisi\u00f3n. &#8220;El maestro de esgrima&#8221;, &#8220;T\u00e1nger&#8221; o &#8220;El ni\u00f1o invisible&#8221; forman parte del elenco de largometrajes en los que ha trabajado. Adem\u00e1s ha llegado a las casas de los espectadores con series como &#8220;Policias&#8221;, &#8220;Cuesti\u00f3n de sexo&#8221;, &#8220;La familia mata&#8221;, &#8220;Farmacia de Guardia&#8221; o &#8220;Hermanos y Detectives&#8221;.<br \/>\nPor \u00faltimo, NACHO L\u00d3PEZ (Carlos Rold\u00e1n, en la tercera temporada), sali\u00f3 del anonimato gracias a su trabajo en la serie juvenil &#8216;Al salir de clase&#8217;. Desde entonces ha trabajado en cortometrajes como &#8216;La canci\u00f3n de Marta&#8217; o &#8216;Clones&#8217;, aunque su principal tarea la ha desarrollado en televisi\u00f3n, interviniendo en series como &#8216;Hospital central&#8217;, &#8216;Paco y Veva&#8217; o &#8216;C\u00edrculo Rojo&#8217;.<\/p>\n<p><IMG src=\"https:\/\/blogs.elnortedecastilla.es\/cosas-pasan\/files\/4actores.jpg\" id=\"img_0\" class=\"imgcen\">8. A <A href=\"http:\/\/www.elnortedecastilla.es\/20080215\/cultura\/actor-diego-martin-poemas-20080215.html\" rel=\"nofollow\" title=\"http:\/\/www.nortecastilla.es\/20080215\/cultura\/actor-diego-martin-poemas-20080215.html\" id=\"link_0\">DIEGO MART\u00cdN<\/a> se le puede ver pasear por el centro de la capital vallisoletana como un vecino m\u00e1s. Aunque naci\u00f3 en Madrid en 1974, \u00e9l asegura que se siente vallisoletano. Ha participado en m\u00faltiples series, aunque sobre todo se le reconoce por sus papeles protagonistas en &#8220;Hermanos y detectives&#8221; y &#8220;Aqu\u00ed no hay quien viva&#8221;. En cine, ha trabajado en &#8220;Los Borgia&#8221; con Roberto Enr\u00edquez, en &#8220;Mataharis&#8221; y en &#8220;Manolete&#8221; (por cierto, \u00bfcu\u00e1ndo se estrena esta pel\u00edcula?), entre muchas otras.<\/li>\n<p><\/span><\/span><\/span><\/span><\/span><\/span><\/span><\/span><\/span><\/span><\/span><\/span><\/span><\/span><\/span><\/span><\/span><\/span><\/span><\/span><\/span><\/span><\/span><\/span><\/span><\/span><\/span><\/span><\/span><\/span><\/span><\/span><\/span><\/span><\/span><\/span><\/span><\/span><\/span><\/span><\/span><\/span><\/span><\/span><\/span><\/span><\/span><\/span><\/span><\/span><\/span><\/span><\/span><\/span><\/span><\/span><\/span><\/span><\/span><\/span><\/span><\/span><\/span><\/span><\/span><\/span><\/span><\/span><\/span><\/span><\/span><\/span><\/span><\/span><\/span><\/span><\/span><\/span><\/span><\/span><\/span><\/span><\/span><\/span><\/span><\/span><\/span><\/span><\/span><\/span><\/span><\/span><\/span><\/span><\/span><\/span><\/span><\/span><\/span><\/span><\/span><\/span><\/span><\/span><\/span><\/span><\/span><\/span><\/span><\/span><\/span><\/span><\/span><\/span><\/span><\/span><\/span><\/span><\/span><\/span><\/span><\/span><\/span><\/span><\/span><\/span><\/span><\/span><\/span><\/span><\/span><\/span><\/span><\/span><\/span><\/span><\/span><\/span><\/span><\/span><\/span><\/span><\/span><\/span><\/span><\/span><\/span><\/span><\/span><\/span><\/span><\/span><\/span><\/span><\/span><\/span><\/span><\/ol>\n<p><font face=\"Arial,Helvetica,Geneva,Swiss,SunSans-Regular\" size=\"2\"><font face=\"Arial,Helvetica,Geneva,Swiss,SunSans-Regular\" size=\"2\"><font face=\"Arial,Helvetica,Geneva,Swiss,SunSans-Regular\" size=\"2\"><font size=\"2\"><font face=\"Arial,Helvetica,Geneva,Swiss,SunSans-Regular\"><font size=\"2\"><font face=\"Arial,Helvetica,Geneva,Swiss,SunSans-Regular\"><font size=\"2\"><font face=\"Arial,Helvetica,Geneva,Swiss,SunSans-Regular\"><font size=\"2\"><font face=\"Arial,Helvetica,Geneva,Swiss,SunSans-Regular\"><font size=\"2\"><font face=\"Arial,Helvetica,Geneva,Swiss,SunSans-Regular\"><font size=\"2\"><font face=\"Arial,Helvetica,Geneva,Swiss,SunSans-Regular\"><font size=\"2\"><font face=\"Arial,Helvetica,Geneva,Swiss,SunSans-Regular\"><font size=\"2\"><font face=\"Arial,Helvetica,Geneva,Swiss,SunSans-Regular\"><font size=\"2\"><font face=\"Arial,Helvetica,Geneva,Swiss,SunSans-Regular\"><font size=\"2\"><font face=\"Arial,Helvetica,Geneva,Swiss,SunSans-Regular\"><font size=\"2\"><font face=\"Arial,Helvetica,Geneva,Swiss,SunSans-Regular\"><font size=\"2\"><font face=\"Arial,Helvetica,Geneva,Swiss,SunSans-Regular\"><font size=\"2\"><font face=\"Arial,Helvetica,Geneva,Swiss,SunSans-Regular\"><font size=\"2\"><font face=\"Arial,Helvetica,Geneva,Swiss,SunSans-Regular\"><font size=\"2\"><font face=\"Arial,Helvetica,Geneva,Swiss,SunSans-Regular\"><font size=\"2\"><font face=\"Arial,Helvetica,Geneva,Swiss,SunSans-Regular\"><font size=\"2\"><font face=\"Arial,Helvetica,Geneva,Swiss,SunSans-Regular\"><font size=\"2\"><font face=\"Arial,Helvetica,Geneva,Swiss,SunSans-Regular\"><font size=\"2\"><font face=\"Arial,Helvetica,Geneva,Swiss,SunSans-Regular\"><font size=\"2\"><font face=\"Arial,Helvetica,Geneva,Swiss,SunSans-Regular\"><font size=\"2\"><font face=\"Arial,Helvetica,Geneva,Swiss,SunSans-Regular\"><font size=\"2\"><font face=\"Arial,Helvetica,Geneva,Swiss,SunSans-Regular\"><font size=\"2\"><font face=\"Arial,Helvetica,Geneva,Swiss,SunSans-Regular\"><font size=\"2\"><font face=\"Arial,Helvetica,Geneva,Swiss,SunSans-Regular\"><font size=\"2\"><font face=\"Arial,Helvetica,Geneva,Swiss,SunSans-Regular\"><font size=\"2\"><font face=\"Arial,Helvetica,Geneva,Swiss,SunSans-Regular\"><font size=\"2\"><font face=\"Arial,Helvetica,Geneva,Swiss,SunSans-Regular\"><font size=\"2\"><font face=\"Arial,Helvetica,Geneva,Swiss,SunSans-Regular\"><font size=\"2\"><font face=\"Arial,Helvetica,Geneva,Swiss,SunSans-Regular\"><font size=\"2\"><font face=\"Arial,Helvetica,Geneva,Swiss,SunSans-Regular\"><font size=\"2\"><font face=\"Arial,Helvetica,Geneva,Swiss,SunSans-Regular\"><font size=\"2\"><font face=\"Arial,Helvetica,Geneva,Swiss,SunSans-Regular\"><font size=\"2\"><font face=\"Arial,Helvetica,Geneva,Swiss,SunSans-Regular\"><font class=\"nodec\" color=\"#000000\" face=\"verdana,ms sans serif,arial\" size=\"2\"><font face=\"Arial,Helvetica,Geneva,Swiss,SunSans-Regular\" size=\"2\"><font face=\"Arial,Helvetica,Geneva,Swiss,SunSans-Regular\" size=\"2\"><font face=\"Arial,Helvetica,Geneva,Swiss,SunSans-Regular\" size=\"2\"><font face=\"Arial,Helvetica,Geneva,Swiss,SunSans-Regular\" size=\"2\"><font size=\"2\"><font face=\"Arial,Helvetica,Geneva,Swiss,SunSans-Regular\"><font size=\"2\"><font face=\"Arial,Helvetica,Geneva,Swiss,SunSans-Regular\"><font size=\"2\"><font face=\"Arial,Helvetica,Geneva,Swiss,SunSans-Regular\"><font size=\"2\"><font face=\"Arial,Helvetica,Geneva,Swiss,SunSans-Regular\"><font size=\"2\"><font face=\"Arial,Helvetica,Geneva,Swiss,SunSans-Regular\"><font size=\"2\"><font face=\"Arial,Helvetica,Geneva,Swiss,SunSans-Regular\"><font size=\"2\"><font face=\"Arial,Helvetica,Geneva,Swiss,SunSans-Regular\"><font size=\"2\"><font face=\"Arial,Helvetica,Geneva,Swiss,SunSans-Regular\"><font size=\"2\"><font face=\"Arial,Helvetica,Geneva,Swiss,SunSans-Regular\"><font size=\"2\"><font face=\"Arial,Helvetica,Geneva,Swiss,SunSans-Regular\"><font size=\"2\"><font face=\"Arial,Helvetica,Geneva,Swiss,SunSans-Regular\"><font size=\"2\"><font face=\"Arial,Helvetica,Geneva,Swiss,SunSans-Regular\"><font size=\"2\"><font face=\"Arial,Helvetica,Geneva,Swiss,SunSans-Regular\"><font size=\"2\"><font face=\"Arial,Helvetica,Geneva,Swiss,SunSans-Regular\"><font size=\"2\"><font face=\"Arial,Helvetica,Geneva,Swiss,SunSans-Regular\"><font size=\"2\"><font face=\"Arial,Helvetica,Geneva,Swiss,SunSans-Regular\"><font size=\"2\"><font face=\"Arial,Helvetica,Geneva,Swiss,SunSans-Regular\"><font size=\"2\"><font face=\"Arial,Helvetica,Geneva,Swiss,SunSans-Regular\"><font size=\"2\"><font face=\"Arial,Helvetica,Geneva,Swiss,SunSans-Regular\"><font size=\"2\"><font face=\"Arial,Helvetica,Geneva,Swiss,SunSans-Regular\"><font size=\"2\"><font face=\"Arial,Helvetica,Geneva,Swiss,SunSans-Regular\"><font size=\"2\"><font face=\"Arial,Helvetica,Geneva,Swiss,SunSans-Regular\"><font size=\"2\"><font face=\"Arial,Helvetica,Geneva,Swiss,SunSans-Regular\"><font size=\"2\"><font face=\"Arial,Helvetica,Geneva,Swiss,SunSans-Regular\"><font size=\"2\"><font face=\"Arial,Helvetica,Geneva,Swiss,SunSans-Regular\"><font size=\"2\"><font face=\"Arial,Helvetica,Geneva,Swiss,SunSans-Regular\"><font size=\"2\"><font face=\"Arial,Helvetica,Geneva,Swiss,SunSans-Regular\"><font size=\"2\"><font face=\"Arial,Helvetica,Geneva,Swiss,SunSans-Regular\"><font size=\"2\"><font face=\"Arial,Helvetica,Geneva,Swiss,SunSans-Regular\"><font size=\"2\"><font face=\"Arial,Helvetica,Geneva,Swiss,SunSans-Regular\"><font size=\"2\"><font face=\"Arial,Helvetica,Geneva,Swiss,SunSans-Regular\"><font size=\"2\"><font face=\"Arial,Helvetica,Geneva,Swiss,SunSans-Regular\"><font class=\"nodec\" color=\"#000000\" face=\"verdana,ms sans serif,arial\" size=\"2\"><font face=\"Arial,Helvetica,Geneva,Swiss,SunSans-Regular\" size=\"2\"><font face=\"Arial,Helvetica,Geneva,Swiss,SunSans-Regular\" size=\"2\"><font face=\"Arial,Helvetica,Geneva,Swiss,SunSans-Regular\" size=\"2\"><font face=\"Arial,Helvetica,Geneva,Swiss,SunSans-Regular\" size=\"2\"><font size=\"2\"><font face=\"Arial,Helvetica,Geneva,Swiss,SunSans-Regular\"><font size=\"2\"><font face=\"Arial,Helvetica,Geneva,Swiss,SunSans-Regular\"><font size=\"2\"><font face=\"Arial,Helvetica,Geneva,Swiss,SunSans-Regular\"><font size=\"2\"><font face=\"Arial,Helvetica,Geneva,Swiss,SunSans-Regular\"><font size=\"2\"><font face=\"Arial,Helvetica,Geneva,Swiss,SunSans-Regular\"><font size=\"2\"><font face=\"Arial,Helvetica,Geneva,Swiss,SunSans-Regular\"><font size=\"2\"><font face=\"Arial,Helvetica,Geneva,Swiss,SunSans-Regular\"><font face=\"Arial,Helvetica,Geneva,Swiss,SunSans-Regular\" size=\"2\"><IMG src=\"https:\/\/blogs.elnortedecastilla.es\/cosas-pasan\/files\/Diego.jpg\" id=\"img_0\" class=\"imgcen\"><br \/>\n9. <A href=\"http:\/\/www.alejandroespeso.es\/\" rel=\"nofollow\" title=\"http:\/\/www.alejandroespeso.es\" id=\"link_0\">ALEJANDRO ESPESO<\/a>  es actor, director y profesor de artes esc\u00e9nicas, con una     dilatada trayectoria profesional y formativa. Le hemos podido ver como actor de reparto en la premiada &#8220;Celda 211&#8221;. En el curr\u00edculum de Alejandro destacan apariciones en series como &#8220;Manos a la obra&#8221;, &#8220;Motivos personales&#8221; o &#8220;Los hombres de Paco&#8221;, entre otras muchas, adem\u00e1s de una extensa carrera teatral. Tras su participaci\u00f3n en Celda 211 en el papel de &#8216;El Santo&#8217;, ha contado a nortecastilla.es en una v\u00eddeo-entrevista las an\u00e9cdotas m\u00e1s divertidas e interesantes del rodaje.<\/p>\n<p><IMG src=\"https:\/\/blogs.elnortedecastilla.es\/cosas-pasan\/files\/alejandro.jpg\" id=\"img_0\" class=\"imgcen\" width=\"464\" height=\"310\"><param  name=\"movie\" value=\"http:\/\/www.nortecastilla.tv\/embed\/FLVPlayer.swf\"><\/param><param  name=\"FlashVars\" value=\"file=http:\/\/cache1.agilecontents.com\/resources\/flv\/6\/5\/1260200979256.flv&#038;image=http:\/\/cache1.agilecontents.com\/resources\/jpg\/8\/5\/1260200966058.jpg&#038;title=&#038;googleAnalytics=channel::menu-canales,subChannel::ocio&#038;advertisement=site::nortecastilla,channel::menu-canales,subChannel::ocio,tags::entrevista-alejandro-espeso-actor-reparto-celda-65595&#038;logo=url::http:\/\/www.nortecastilla.tv\/menu-canales\/ocio\/entrevista-alejandro-espeso-actor-reparto-celda-65595.html,image::undefined\"><\/param><param  name=\"allowScriptAccess\" value=\"always\"><\/param><param  name=\"allowFullScreen\" value=\"true\"><\/param><param  name=\"wmode\" value=\"transparent\"><\/param><object title=\"http:\/\/www.cristinallorente.com\/\" href=\"http:\/\/www.cristinallorente.com\/\" rel=\"nofollow\" style=\"border: 0pt none; margin: 0pt; background: none repeat scroll 0% 0% transparent; -moz-background-inline-policy: continuous;\" classid=\"clsid:D27CDB6E-AE6D-11cf-96B8-444553540000\" id=\"FLVPlayer\" codebase=\"http:\/\/fpdownload.macromedia.com\/get\/flashplayer\/current\/swflash.cab\" width=\"490\" height=\"385\">10. Y para terminar esta lista, me gustar\u00eda se\u00f1alar otras tres actrices vallisoletanos como IN\u00c9S SASTRE (&#8220;Druidas&#8221;, &#8220;La ciudad perdida&#8221;, &#8220;El Dorado&#8221; o &#8220;Vidocq&#8221; han sido algunos de sus trabajos para la gran pantalla); PATRICIA CONDE (se la conoce sobre todo como presentadora de televisi\u00f3n. Ha trabajado en series como &#8220;Siete vidas&#8221;, &#8220;Splunge&#8221; y &#8220;Lady Ka\u00f1a&#8221;); y CRISTINA LLORENTE (que naci\u00f3 hace 22 a\u00f1os en Valladolid, es cantante y actriz y cuenta con una experiencia de m\u00e1s de 300 representaciones en los mejores teatros de Espa\u00f1a, sobre todo en musicales &#8220;Star\u00b4s child&#8221; y &#8220;Ant\u00edgona tiene un plan&#8221;).<\/object><\/p>\n<p><IMG src=\"https:\/\/blogs.elnortedecastilla.es\/cosas-pasan\/files\/199289_inessastrepatriciacondecristinallorente.jpg\" id=\"img_0\" class=\"imgcen\"><\/p>\n<p><\/span><\/span><\/span><\/span><\/span><\/span><\/span><\/span><\/span><\/span><\/span><\/span><\/span><\/span><\/span><\/span><\/span><\/span><\/span><\/span><\/span><\/span><\/span><\/span><\/span><\/span><\/span><\/span><\/span><\/span><\/span><\/span><\/span><\/span><\/span><\/span><\/span><\/span><\/span><\/span><\/span><\/span><\/span><\/span><\/span><\/span><\/span><\/span><\/span><\/span><\/span><\/span><\/span><\/span><\/span><\/span><\/span><\/span><\/span><\/span><\/span><\/span><\/span><\/span><\/span><\/span><\/span><\/span><\/span><\/span><\/span><\/span><\/span><\/span><\/span><\/span><\/span><\/span><\/span><\/span><\/span><\/span><\/span><\/span><\/span><\/span><\/span><\/span><\/span><\/span><\/span><\/span><\/span><\/span><\/span><\/span><\/span><\/span><\/span><\/span><\/span><\/span><\/span><\/span><\/span><\/span><\/span><\/span><\/span><\/span><\/span><\/span><\/span><\/span><\/span><\/span><\/span><\/span><\/span><\/span><\/span><\/span><\/span><\/span><\/span><\/span><\/span><\/span><\/span><\/span><\/span><\/span><\/span><\/span><\/span><\/span><\/span><\/span><\/span><\/span><\/span><\/span><\/span><\/span><\/span><\/span><\/span><\/span><\/span><\/span><\/span><\/span><\/span><\/span><\/span><\/span><\/span><\/span><\/p>\n","protected":false},"excerpt":{"rendered":"<p>Inteligencia y aptitud son dos de los t\u00e9rminos que conforman la definici\u00f3n de la palabra talento. Aunque puede referirse a cualquier profesi\u00f3n o ocupaci\u00f3n, normalmente se relaciona con las artes, como la escritura, la m\u00fasica o la interpretaci\u00f3n, sobre todo, en la interpretaci\u00f3n. Cuando un artista es bueno, bueno de verdad, se dice que tiene [&hellip;]<\/p>\n","protected":false},"author":19,"featured_media":0,"comment_status":"open","ping_status":"closed","sticky":false,"template":"","format":"standard","meta":[],"categories":[3,1],"tags":[34,56],"_links":{"self":[{"href":"https:\/\/blogs.elnortedecastilla.es\/cosas-pasan\/wp-json\/wp\/v2\/posts\/19"}],"collection":[{"href":"https:\/\/blogs.elnortedecastilla.es\/cosas-pasan\/wp-json\/wp\/v2\/posts"}],"about":[{"href":"https:\/\/blogs.elnortedecastilla.es\/cosas-pasan\/wp-json\/wp\/v2\/types\/post"}],"author":[{"embeddable":true,"href":"https:\/\/blogs.elnortedecastilla.es\/cosas-pasan\/wp-json\/wp\/v2\/users\/19"}],"replies":[{"embeddable":true,"href":"https:\/\/blogs.elnortedecastilla.es\/cosas-pasan\/wp-json\/wp\/v2\/comments?post=19"}],"version-history":[{"count":0,"href":"https:\/\/blogs.elnortedecastilla.es\/cosas-pasan\/wp-json\/wp\/v2\/posts\/19\/revisions"}],"wp:attachment":[{"href":"https:\/\/blogs.elnortedecastilla.es\/cosas-pasan\/wp-json\/wp\/v2\/media?parent=19"}],"wp:term":[{"taxonomy":"category","embeddable":true,"href":"https:\/\/blogs.elnortedecastilla.es\/cosas-pasan\/wp-json\/wp\/v2\/categories?post=19"},{"taxonomy":"post_tag","embeddable":true,"href":"https:\/\/blogs.elnortedecastilla.es\/cosas-pasan\/wp-json\/wp\/v2\/tags?post=19"}],"curies":[{"name":"wp","href":"https:\/\/api.w.org\/{rel}","templated":true}]}}