{"id":20,"date":"2010-03-03T14:43:00","date_gmt":"2010-03-03T14:43:00","guid":{"rendered":"http:\/\/blogs.elnortedecastilla.es\/cosas-pasan\/?p=20"},"modified":"2010-03-03T14:43:00","modified_gmt":"2010-03-03T14:43:00","slug":"obama-se-esconde-fumar","status":"publish","type":"post","link":"https:\/\/blogs.elnortedecastilla.es\/cosas-pasan\/2010\/03\/03\/obama-se-esconde-fumar\/","title":{"rendered":"Obama se esconde&#8230; para fumar"},"content":{"rendered":"<p>\u00a1Qu\u00e9 ganas ten\u00eda de dedicar un post a Obama! El primer presidente afroamericano (es decir, negro) de la historia. No hay un d\u00eda, en el que el esposo de Michelle no salga en los medios de comunicaci\u00f3n. Est\u00e1 claro que cuando Barack habla, sube el pan&#8230; o la bolsa de Nueva York, o el \u00edndice Nikkei, o lo que sea. Ya ha pasado m\u00e1s de un a\u00f1o desde que tom\u00f3 posesi\u00f3n en una jornada memorable para la historia. Nadie le puede negar su capacidad para hipnotizar con cada una de sus palabras. En sus discursos, podr\u00eda facilmente dejar &#8220;ko&#8221; al auditorio con s\u00f3lo decir &#8220;Un, dos, tres&#8230; duerme&#8221;. A m\u00ed me fascina, no puedo negarlo, a pesar de saber con antelaci\u00f3n que m\u00e1s tarde o m\u00e1s temprano me decepcionar\u00e1. No existe el presidente de EE UU perfecto, y no creo que Obama sea el primero.<br \/>\nDe momento, mi \u00edndice de confianza presidencial sigue alto. Ha descendido un poco con los matices de la reforma sanitaria, con las incursiones hostiles en tierras ajenas, y con la patochada de invitar a Zapatero al Desayuno Nacional de la Oraci\u00f3n (\u00a1c\u00f3mo son estos americanos!). Pero lo peor de todo, es lo de fumar. Pase que le d\u00e9 al vicio del cigarro, pase a que el hombre m\u00e1s poderoso del mundo, el del eslogan &#8220;We can&#8221;, no pueda contra el tabaco. S\u00ed, s\u00ed, ya s\u00e9 que dejar de fumar es muy complicado. \u00a1A m\u00ed me lo van a contar, que soy ex fumadora! Pero yo no voy por ah\u00ed gritando &#8220;Yes, we can. Yes, we can&#8221;.<br \/>\nPero lo que de verdad me ha llegado al alma, es que <A href=\"http:\/\/www.elnortedecastilla.es\/v\/20100302\/vida\/obama-tabaco-20100302.html\" rel=\"nofollow\" title=\"http:\/\/www.nortecastilla.es\/v\/20100302\/vida\/obama-tabaco-20100302.html\" id=\"link_1\">\u00a1fuma a escondidas!<\/a> <IMG src=\"https:\/\/blogs.elnortedecastilla.es\/cosas-pasan\/files\/Obama.jpg\" id=\"img_0\" class=\"imgdcha\"> Por Dios (my good), que es el presidente de Estados Unidos, que fume donde le d\u00e9 la gana. Seguro que se esconde de su mujer, que tiene una pinta se sargento que no puede con ella. El d\u00eda menos pensado nombra a <A href=\"http:\/\/www.elnortedecastilla.es\/v\/20100214\/mundo\/michelle-obama-jefa-20100214.html\" rel=\"nofollow\" title=\"http:\/\/www.nortecastilla.es\/v\/20100214\/mundo\/michelle-obama-jefa-20100214.html\" id=\"link_0\">Michelle <\/a>jefa suprema del Ej\u00e9rcito americano. Y no lo har\u00eda nada mal, que est\u00e1 claro que en su casa, la Casa Blanca, Barack tiene el poder legislativo y, Michelle, el ejecutivo.<br \/>\nLo \u00fanico que espero es que no se esconda a fumar en el Despacho Oval, que ya est\u00e1 bien con tanta falta de respeto. Y si no, que le cambien el nombre por el de Despacho Oral, por ser entre estas paredes donde los presidente americanos sucumben a sus placeres&#8230; orales.<\/p>\n","protected":false},"excerpt":{"rendered":"<p>\u00a1Qu\u00e9 ganas ten\u00eda de dedicar un post a Obama! El primer presidente afroamericano (es decir, negro) de la historia. No hay un d\u00eda, en el que el esposo de Michelle no salga en los medios de comunicaci\u00f3n. Est\u00e1 claro que cuando Barack habla, sube el pan&#8230; o la bolsa de Nueva York, o el \u00edndice [&hellip;]<\/p>\n","protected":false},"author":19,"featured_media":0,"comment_status":"open","ping_status":"closed","sticky":false,"template":"","format":"standard","meta":[],"categories":[2,1],"tags":[28,86,94,144],"_links":{"self":[{"href":"https:\/\/blogs.elnortedecastilla.es\/cosas-pasan\/wp-json\/wp\/v2\/posts\/20"}],"collection":[{"href":"https:\/\/blogs.elnortedecastilla.es\/cosas-pasan\/wp-json\/wp\/v2\/posts"}],"about":[{"href":"https:\/\/blogs.elnortedecastilla.es\/cosas-pasan\/wp-json\/wp\/v2\/types\/post"}],"author":[{"embeddable":true,"href":"https:\/\/blogs.elnortedecastilla.es\/cosas-pasan\/wp-json\/wp\/v2\/users\/19"}],"replies":[{"embeddable":true,"href":"https:\/\/blogs.elnortedecastilla.es\/cosas-pasan\/wp-json\/wp\/v2\/comments?post=20"}],"version-history":[{"count":0,"href":"https:\/\/blogs.elnortedecastilla.es\/cosas-pasan\/wp-json\/wp\/v2\/posts\/20\/revisions"}],"wp:attachment":[{"href":"https:\/\/blogs.elnortedecastilla.es\/cosas-pasan\/wp-json\/wp\/v2\/media?parent=20"}],"wp:term":[{"taxonomy":"category","embeddable":true,"href":"https:\/\/blogs.elnortedecastilla.es\/cosas-pasan\/wp-json\/wp\/v2\/categories?post=20"},{"taxonomy":"post_tag","embeddable":true,"href":"https:\/\/blogs.elnortedecastilla.es\/cosas-pasan\/wp-json\/wp\/v2\/tags?post=20"}],"curies":[{"name":"wp","href":"https:\/\/api.w.org\/{rel}","templated":true}]}}