{"id":21,"date":"2010-03-12T14:21:00","date_gmt":"2010-03-12T14:21:00","guid":{"rendered":"http:\/\/blogs.elnortedecastilla.es\/cosas-pasan\/?p=21"},"modified":"2010-03-12T14:21:00","modified_gmt":"2010-03-12T14:21:00","slug":"el-periodico-delibes","status":"publish","type":"post","link":"https:\/\/blogs.elnortedecastilla.es\/cosas-pasan\/2010\/03\/12\/el-periodico-delibes\/","title":{"rendered":"El peri\u00f3dico de Delibes"},"content":{"rendered":"<p>No tengo la suerte de contar con an\u00e9cdotas propias de <A href=\"http:\/\/canales.elnortedecastilla.es\/delibes\/\" rel=\"nofollow\" title=\"http:\/\/canales.nortecastilla.es\/delibes\/\" id=\"link_1\">Delibes<\/a>. Mi llegada a El Norte de Castilla coincidi\u00f3 con el cambio de sede de Duque de la Victoria al pol\u00edgono de Argales. Una amiga me dijo: &#8220;Qu\u00e9 suerte, vas a hacer las pr\u00e1cticas en el peri\u00f3dico de Delibes&#8221;. Yo siempre esper\u00e9 cruzarme alguna vez con \u00e9l en alguno de los pasillos del peri\u00f3dico. Tampoco coincid\u00ed con \u00e9l en ning\u00fan congreso, ni evento, ni charla, ni seminario. Nunca consegu\u00ed verle en el Campo Grande, o las c\u00e9ntricas calles de la capital por donde paseaba. No tuve suerte. Nunca ocurri\u00f3 y ya, nunca ocurrir\u00e1.<br \/>\nPor eso no tengo an\u00e9cdotas propias que contar, m\u00e1s que la sensaci\u00f3n de suma responsabilidad que los periodistas de esta casa compartimos por escribir en el diario que una vez dirigi\u00f3 el m\u00e1s erudito defensor de la lengua castellana.<br \/>\nS\u00ed que conoc\u00ed a su nieta \u00c1ngeles; una jovial y encantadora joven que pas\u00f3 un verano por este peri\u00f3dico para trabajar en pr\u00e1cticas en la secci\u00f3n de Cultura (no pod\u00eda ser de otra forma). Ayer volv\u00ed a saber de ella al leer en una agencia unas declaraciones en las que expon\u00eda que el <A href=\"http:\/\/www.elnortedecastilla.es\/20100312\/local\/valladolid\/valladolid-despide-delibes-201003121354.html\" rel=\"nofollow\" title=\"http:\/\/www.nortecastilla.es\/20100312\/local\/valladolid\/valladolid-despide-delibes-201003121354.html\" id=\"link_0\">fallecimiento<\/a>  era inminente. Sus palabras me conmovieron. Se mor\u00eda su abuelo, el abuelo Miguel.<br \/>\nDesde aqu\u00ed \u00c1ngeles, quiero darte el p\u00e9same. A t\u00ed, y a tu padre, tambi\u00e9n compa\u00f1ero de esta casa, y al resto de tu familia. A todos, un abrazo grande.<\/p>\n<p><IMG src=\"https:\/\/blogs.elnortedecastilla.es\/cosas-pasan\/files\/1_1_990XL2400_1160409109.jpg\" id=\"img_0\" class=\"imgcen\"><\/p>\n","protected":false},"excerpt":{"rendered":"<p>No tengo la suerte de contar con an\u00e9cdotas propias de Delibes. Mi llegada a El Norte de Castilla coincidi\u00f3 con el cambio de sede de Duque de la Victoria al pol\u00edgono de Argales. Una amiga me dijo: &#8220;Qu\u00e9 suerte, vas a hacer las pr\u00e1cticas en el peri\u00f3dico de Delibes&#8221;. Yo siempre esper\u00e9 cruzarme alguna vez [&hellip;]<\/p>\n","protected":false},"author":19,"featured_media":0,"comment_status":"open","ping_status":"closed","sticky":false,"template":"","format":"standard","meta":[],"categories":[5],"tags":[34],"_links":{"self":[{"href":"https:\/\/blogs.elnortedecastilla.es\/cosas-pasan\/wp-json\/wp\/v2\/posts\/21"}],"collection":[{"href":"https:\/\/blogs.elnortedecastilla.es\/cosas-pasan\/wp-json\/wp\/v2\/posts"}],"about":[{"href":"https:\/\/blogs.elnortedecastilla.es\/cosas-pasan\/wp-json\/wp\/v2\/types\/post"}],"author":[{"embeddable":true,"href":"https:\/\/blogs.elnortedecastilla.es\/cosas-pasan\/wp-json\/wp\/v2\/users\/19"}],"replies":[{"embeddable":true,"href":"https:\/\/blogs.elnortedecastilla.es\/cosas-pasan\/wp-json\/wp\/v2\/comments?post=21"}],"version-history":[{"count":0,"href":"https:\/\/blogs.elnortedecastilla.es\/cosas-pasan\/wp-json\/wp\/v2\/posts\/21\/revisions"}],"wp:attachment":[{"href":"https:\/\/blogs.elnortedecastilla.es\/cosas-pasan\/wp-json\/wp\/v2\/media?parent=21"}],"wp:term":[{"taxonomy":"category","embeddable":true,"href":"https:\/\/blogs.elnortedecastilla.es\/cosas-pasan\/wp-json\/wp\/v2\/categories?post=21"},{"taxonomy":"post_tag","embeddable":true,"href":"https:\/\/blogs.elnortedecastilla.es\/cosas-pasan\/wp-json\/wp\/v2\/tags?post=21"}],"curies":[{"name":"wp","href":"https:\/\/api.w.org\/{rel}","templated":true}]}}