{"id":34,"date":"2010-05-30T10:47:00","date_gmt":"2010-05-30T10:47:00","guid":{"rendered":"http:\/\/blogs.elnortedecastilla.es\/cosas-pasan\/?p=34"},"modified":"2010-05-30T10:47:00","modified_gmt":"2010-05-30T10:47:00","slug":"las-injusticias-eurovision","status":"publish","type":"post","link":"https:\/\/blogs.elnortedecastilla.es\/cosas-pasan\/2010\/05\/30\/las-injusticias-eurovision\/","title":{"rendered":"Las injusticias de Eurovisi\u00f3n"},"content":{"rendered":"<p> Eurovisi\u00f3n no es un festival justo, eso est\u00e1 claro, aunque tampoco es un festival de canciones, y eso s\u00ed que una falacia. No se suele votar a <A href=\"http:\/\/www.elnortedecastilla.es\/20100530\/gente\/alemania-gana-eurovision-gala-201005300916.html\" rel=\"nofollow\" title=\"http:\/\/www.nortecastilla.es\/20100530\/gente\/alemania-gana-eurovision-gala-201005300916.html\" id=\"link_0\">la mejor canci\u00f3n<\/a>, sino al int\u00e9rprete m\u00e1s cercano (l\u00e9ase pa\u00edses vecinos) o al que represente a una naci\u00f3n hist\u00f3ricamente colega. Eso suele pasar con la mayor\u00eda de las votaciones, aunque en ocasiones falla (ni Grecia ni Francia han votado a <A href=\"http:\/\/www.elnortedecastilla.es\/multimedia\/fotos\/ultimos\/57133-daniel-diges-durante-actuacion-festival-eurovision-0.html\" rel=\"nofollow\" title=\"http:\/\/www.nortecastilla.es\/multimedia\/fotos\/ultimos\/57133-daniel-diges-durante-actuacion-festival-eurovision-0.html\" id=\"link_1\">Daniel Diges<\/a>  en esta ocasi\u00f3n, y s\u00ed que le han dado puntos pa\u00edses del &#8216;lobby eslavo&#8217;).<br \/>\nGracias a estos apoyos (15 naciones le han otorgado 68 &#8216;points&#8217; a Espa\u00f1a), el madrile\u00f1o de pelo afro consigui\u00f3 un muy digno puesto n\u00famero 15 a pesar de la puesta en escena (el grupo de payasos-marionetas se pod\u00edan haber quedado en casa), del traje gris brillante (sin comentarios) y del espont\u00e1neo, que al principio parec\u00eda uno m\u00e1s de la infame coreograf\u00eda de no ser porque al final, dos se\u00f1ores de seguridad muy trajeados le animaron a abandonar el numerito. En ese momento, Diges-artista creci\u00f3 con su bella voz y su sonrisa, imperturbable en sus modos y en su afinaci\u00f3n, como si cada d\u00eda un espont\u00e1neo se colara en sus actuaciones. Este matiz le da una vuelta de tuerca a ese puesto 15 para quedarse &#8216;algo peque\u00f1ito&#8217; para el gran Daniel Diges y su rizada templanza torera. Ahora ya puede formar parte de ese grupo de damnificados por Eurovisi\u00f3n, por esos artistas que no s\u00f3lo no lograron ganar sino que en ocasiones se quedaron en un \u00faltimo y lamentable puesto. <\/p>\n<p><IMG src=\"https:\/\/blogs.elnortedecastilla.es\/cosas-pasan\/files\/Remedios.jpg\" id=\"img_1\" class=\"imgcen\"><br \/>\nY en Espa\u00f1a, sabemos mucho de eso. Tendr\u00eda que citar la primera a la maravillosa <strong>Remedios Amaya<\/strong>. Aunque yo s\u00f3lo era una ni\u00f1a, me acuerdo perfectamente de su vestido azul y blanco a rayas y de sus pies descalzos. Ning\u00fan pa\u00eds vot\u00f3 a &#8216;Quien maneja mi barca&#8217;. Dicen que no entendieron la letra, ni el baile, ni el duende&#8230; Pero la m\u00fasica se siente, y contra ese tipo de ignorancia no se puede hacer nada. Antes que ella probaron suerte <strong>Conchita Bautista<\/strong> (fue la primera, en 1961, en tragar el polvo del palmar\u00e9s), con sus simp\u00e1tica &#8216;Estando contigo&#8217;, y no s\u00f3lo no pas\u00f3 del noveno puesto, sino que este tema se asocia m\u00e1s a la ni\u00f1a-prodigio Marisol que a quien la interpret\u00f3 en Eurovisi\u00f3n.<br \/>\nTras ella fue <strong>Raphael <\/strong>(dos veces lo intent\u00f3 sin lograr uno de los primeros cinco puestos),<strong>Julio Iglesias<\/strong> y <strong>Karina<\/strong> (quedaron en cuarto y en segundo lugar, respectivamente), <strong>Mocedades<\/strong> (segundo puesto), <strong>Peret <\/strong>(noveno), <strong>Micky<\/strong>, <strong>Jos\u00e9 V\u00e9lez<\/strong>, <strong>Betty Missiego<\/strong>, <strong>Paloma San Basilio<\/strong>, <strong>Nina<\/strong>, <strong>Sergio Dalma<\/strong>&#8230;<br \/>\nEspa\u00f1a se cans\u00f3 de quemar a los grandes y empez\u00f3 a enviar a peque\u00f1as promesas. A algunos &#8216;triunfitos&#8217; (\u00bfse acuerdan de <strong>Beth<\/strong>, <strong>Ram\u00f3n<\/strong>, <strong>Soraya<\/strong>&#8230;?), Eurovisi\u00f3n ha sido un trampol\u00edn para saltar sobre una piscina vac\u00eda de agua. Ahora, para representar a Espa\u00f1a en el festival hay que tener valor, buena voluntad y algo m\u00e1s&#8230; (eso que tuvo Daniel Diges mientras un espont\u00e1neo le enturbiaba la actuaci\u00f3n).<br \/>\nOtros pa\u00edses tambi\u00e9n han mandado grandes artistas que han regresado a casa con las manos vac\u00edas: <strong>Cliff Richards<\/strong>, con su ya internacional &#8216;Congratulation&#8217;, <strong>Domenico Modugno<\/strong>, con &#8216;Volare&#8217;; <strong>Vicky Leandros<\/strong> y su cuarta posici\u00f3n con &#8216;L&#8217; Amour est bleu&#8217;, o <strong>Franco Battiato<\/strong> con &#8216;I Treni Di Tozeur&#8217;, que cant\u00f3 con la bella <strong>Alice<\/strong>.<br \/>\nPodr\u00eda citar tantas injusticias como a\u00f1os carga a sus espaldas el Festival&#8230; y me quedar\u00eda corta. Hay quien cree que Espa\u00f1a ganar\u00e1 cuando env\u00ede una canci\u00f3n en ingl\u00e9s&#8230; Pero yo me quedo con Remedios Amaya, con sus pies descalzos y su sentimiento incomprendido&#8230; aunque esta barca nos lleve a la deriva.<\/p>\n","protected":false},"excerpt":{"rendered":"<p>Eurovisi\u00f3n no es un festival justo, eso est\u00e1 claro, aunque tampoco es un festival de canciones, y eso s\u00ed que una falacia. No se suele votar a la mejor canci\u00f3n, sino al int\u00e9rprete m\u00e1s cercano (l\u00e9ase pa\u00edses vecinos) o al que represente a una naci\u00f3n hist\u00f3ricamente colega. Eso suele pasar con la mayor\u00eda de las [&hellip;]<\/p>\n","protected":false},"author":19,"featured_media":0,"comment_status":"open","ping_status":"closed","sticky":false,"template":"","format":"standard","meta":[],"categories":[3,1],"tags":[17,33,43,73,84,87,89,93,105,112,113,121,134],"_links":{"self":[{"href":"https:\/\/blogs.elnortedecastilla.es\/cosas-pasan\/wp-json\/wp\/v2\/posts\/34"}],"collection":[{"href":"https:\/\/blogs.elnortedecastilla.es\/cosas-pasan\/wp-json\/wp\/v2\/posts"}],"about":[{"href":"https:\/\/blogs.elnortedecastilla.es\/cosas-pasan\/wp-json\/wp\/v2\/types\/post"}],"author":[{"embeddable":true,"href":"https:\/\/blogs.elnortedecastilla.es\/cosas-pasan\/wp-json\/wp\/v2\/users\/19"}],"replies":[{"embeddable":true,"href":"https:\/\/blogs.elnortedecastilla.es\/cosas-pasan\/wp-json\/wp\/v2\/comments?post=34"}],"version-history":[{"count":0,"href":"https:\/\/blogs.elnortedecastilla.es\/cosas-pasan\/wp-json\/wp\/v2\/posts\/34\/revisions"}],"wp:attachment":[{"href":"https:\/\/blogs.elnortedecastilla.es\/cosas-pasan\/wp-json\/wp\/v2\/media?parent=34"}],"wp:term":[{"taxonomy":"category","embeddable":true,"href":"https:\/\/blogs.elnortedecastilla.es\/cosas-pasan\/wp-json\/wp\/v2\/categories?post=34"},{"taxonomy":"post_tag","embeddable":true,"href":"https:\/\/blogs.elnortedecastilla.es\/cosas-pasan\/wp-json\/wp\/v2\/tags?post=34"}],"curies":[{"name":"wp","href":"https:\/\/api.w.org\/{rel}","templated":true}]}}