{"id":50,"date":"2010-10-26T14:32:00","date_gmt":"2010-10-26T14:32:00","guid":{"rendered":"http:\/\/blogs.elnortedecastilla.es\/cosas-pasan\/?p=50"},"modified":"2010-10-26T14:32:00","modified_gmt":"2010-10-26T14:32:00","slug":"es-demasiado-esnob-seminci","status":"publish","type":"post","link":"https:\/\/blogs.elnortedecastilla.es\/cosas-pasan\/2010\/10\/26\/es-demasiado-esnob-seminci\/","title":{"rendered":"\u00bfEs demasiado esnob la Seminci?"},"content":{"rendered":"<p>Esta ma\u00f1ana, cuando retorn\u00e9 a la redacci\u00f3n del peri\u00f3dico despu\u00e9s de disfrutar de la larga y estremecedora <A href=\"http:\/\/seminci.elnortedecastilla.es\/peliculas\/seccion-oficial\/largometrajes\/incendies\" title=\"http:\/\/seminci.nortecastilla.es\/peliculas\/seccion-oficial\/largometrajes\/incendies\" id=\"link_0\">&#8216;Incendies&#8217;<\/a> , un compa\u00f1ero periodista me coment\u00f3 (con un poco de sorna) que a \u00e9l la Seminci le parece &#8220;demasiado esnob&#8221;. Aunque ahora que lo pienso, no s\u00e9 si se refer\u00eda al Festival en s\u00ed, a los espectadores o a los periodistas que cubrimos la informaci\u00f3n. Incluso, puede ser que el t\u00e9rmino esnob lo aplique a todo el conjunto, continente y contenido, de una semana de cine que este a\u00f1o cumple su 55 edici\u00f3n. &#8220;Yo paso de ir a ver esas pel\u00edculas&#8221;, me dijo; &#8220;adem\u00e1s, leo las cr\u00edticas que se hacen, y todav\u00eda me apetece menos&#8221;. Est\u00e1 claro que el cine que se proyecta en la Seminci no es, digamos, lo m\u00e1s comercial que ofrece el sector. Luego, hay muchas personas que colocan en el caj\u00f3n de los &#8220;bodrios&#8221; a cualquier pel\u00edcula que se proyecte en su idioma y con subt\u00edtulos.Tampoco ayuda que el director, el guionista o el productor sea iran\u00edes, turcos, rumanos, checoslovacos o de cualquier otra nacionalidad distinta a la espa\u00f1ola, estadounidense, inglesa o argentina. Aunque tal vez a lo que se refer\u00eda mi amigo no sea al film en s\u00ed, sino a c\u00f3mo enfrentamos y trasladamos (los periodistas) la informaci\u00f3n que damos del festival. En muchas ocasiones, las pel\u00edculas mejor valoradas por los cr\u00edticos no consiguen encontrar el apoyo del p\u00fablico, que prefiere gastarse los ahorros en otro tipo de trabajos (pel\u00edculas que, sin embargo, sufren el desprecio de los m\u00e1s entendidos en la materia).<br \/>\nYo, me considero muy mala cr\u00edtica. Es muy dif\u00edcil que una peli me parezca horrible. En el respeto del trabajo ajeno (y una pel\u00edcula lleva un trabajo impresionante) siempre busco algo a lo que aferrarme para darle un pase. Si he ido al cine o he visto un v\u00eddeo y alguien me pregunta, \u00bfme la recomiendas?, suelo pensar antes en el car\u00e1cter de la persona en cuesti\u00f3n, de sus gustos e intereses, antes de contestar. Claro, que cuando uno escribe para el p\u00fablico en general, como es el caso de este blog, la cosa se complica.<br \/>\nPor ejemplo, si alguien me pregunta<strong> &#8220;\u00bfme recomendar\u00edas &#8216;Incendies&#8217;?&#8221;<\/strong> tendr\u00eda que decir que s\u00ed, rotundamente, pero avisar\u00eda que dura m\u00e1s de dos horas, que es cruda y terrible, que est\u00e1 rodada en franc\u00e9s y que narra la b\u00fasqueda de sus or\u00edgenes de dos hermanos mellizos que, al morir su madre, descubren que su padre a\u00fan vive y que tienen un hermano. Pare ello viajaran al L\u00edbano, donde ir\u00e1n descubriendo qui\u00e9n fue en realidad su madre y c\u00f3mo logr\u00f3 sobrevivir a los enfrentamientos civiles entre los cristianos libaneses y los  musulmanes \u00e1rabes que sufri\u00f3 el pa\u00eds en los a\u00f1os setenta.<br \/>\nNo s\u00e9 si la peli es esnob, o si gustar\u00e1 o no a los espectadores, lo que s\u00ed que tengo claro es que no dejar\u00e1 indiferente a nadie.<\/p>\n<p><IMG src=\"\/cosas-pasan\/files\/incendies-foto-2.jpg\" id=\"img_0\" class=\"imgcen\"><\/p>\n","protected":false},"excerpt":{"rendered":"<p>Esta ma\u00f1ana, cuando retorn\u00e9 a la redacci\u00f3n del peri\u00f3dico despu\u00e9s de disfrutar de la larga y estremecedora &#8216;Incendies&#8217; , un compa\u00f1ero periodista me coment\u00f3 (con un poco de sorna) que a \u00e9l la Seminci le parece &#8220;demasiado esnob&#8221;. Aunque ahora que lo pienso, no s\u00e9 si se refer\u00eda al Festival en s\u00ed, a los espectadores [&hellip;]<\/p>\n","protected":false},"author":19,"featured_media":0,"comment_status":"open","ping_status":"closed","sticky":false,"template":"","format":"standard","meta":[],"categories":[6],"tags":[42,66,75],"_links":{"self":[{"href":"https:\/\/blogs.elnortedecastilla.es\/cosas-pasan\/wp-json\/wp\/v2\/posts\/50"}],"collection":[{"href":"https:\/\/blogs.elnortedecastilla.es\/cosas-pasan\/wp-json\/wp\/v2\/posts"}],"about":[{"href":"https:\/\/blogs.elnortedecastilla.es\/cosas-pasan\/wp-json\/wp\/v2\/types\/post"}],"author":[{"embeddable":true,"href":"https:\/\/blogs.elnortedecastilla.es\/cosas-pasan\/wp-json\/wp\/v2\/users\/19"}],"replies":[{"embeddable":true,"href":"https:\/\/blogs.elnortedecastilla.es\/cosas-pasan\/wp-json\/wp\/v2\/comments?post=50"}],"version-history":[{"count":0,"href":"https:\/\/blogs.elnortedecastilla.es\/cosas-pasan\/wp-json\/wp\/v2\/posts\/50\/revisions"}],"wp:attachment":[{"href":"https:\/\/blogs.elnortedecastilla.es\/cosas-pasan\/wp-json\/wp\/v2\/media?parent=50"}],"wp:term":[{"taxonomy":"category","embeddable":true,"href":"https:\/\/blogs.elnortedecastilla.es\/cosas-pasan\/wp-json\/wp\/v2\/categories?post=50"},{"taxonomy":"post_tag","embeddable":true,"href":"https:\/\/blogs.elnortedecastilla.es\/cosas-pasan\/wp-json\/wp\/v2\/tags?post=50"}],"curies":[{"name":"wp","href":"https:\/\/api.w.org\/{rel}","templated":true}]}}