{"id":51,"date":"2010-10-27T13:52:00","date_gmt":"2010-10-27T13:52:00","guid":{"rendered":"http:\/\/blogs.elnortedecastilla.es\/cosas-pasan\/?p=51"},"modified":"2010-10-27T13:52:00","modified_gmt":"2010-10-27T13:52:00","slug":"carmen-machi-y-emilio-aragon-dos-gigantes-la-seminci","status":"publish","type":"post","link":"https:\/\/blogs.elnortedecastilla.es\/cosas-pasan\/2010\/10\/27\/carmen-machi-y-emilio-aragon-dos-gigantes-la-seminci\/","title":{"rendered":"Carmen Machi y Emilio Arag\u00f3n, dos gigantes en la Seminci"},"content":{"rendered":"<p>Tengo que reconocer que entre mis pelis favoritas no suelen estar aquellas que narran la vida de c\u00f3micos, actores de teatro, m\u00fasicos, etc\u00e9tera. No es que tenga yo man\u00eda al colectivo, nada m\u00e1s lejos, es que me tengo una especie de prejuicio que marida este tipo de films y el tedio absoluto. Si fui ayer a ver <A href=\"http:\/\/seminci.elnortedecastilla.es\/peliculas\/spanish-cinema\/pajaros-de-papel\" title=\"http:\/\/seminci.nortecastilla.es\/peliculas\/spanish-cinema\/pajaros-de-papel\" id=\"link_0\">&#8216;P\u00e1jaros de papel&#8217;<\/a>  al cine Manhattan de Valladolid fue m\u00e1s por el inter\u00e9s que me despertaba la presencia de Emilio Arag\u00f3n y Carmen Machi, que por la proyecci\u00f3n en s\u00ed. Y ahora, no s\u00e9 si me gust\u00f3 m\u00e1s la peli o la charla con el director y la actriz, que en todo momento se mostraron cercanos, cari\u00f1osos y habladores con los espectadores que est\u00e1bamos en la sala.<br \/>\nDe &#8216;P\u00e1jaros de papel&#8217; contar\u00e9 que es un relato intimista (hay mucho de Emilio Arag\u00f3n en ella, de su vida, de la vida de su familia; incluso su padre, &#8216;Miliki&#8217;, tiene un peque\u00f1o papel al final), dura y triste (all\u00ed lloramos todos, os lo aseguro) y que cuenta una historia universal: c\u00f3mo sobrevivir a la guerra.<br \/>\nHace un par de d\u00edas, una persona que acaba de enviudar me dijo: &#8220;T\u00fa quieres quedarte quieto, con tu sufrimiento, pero no puedes, porque la vida de empuja y te hace seguir. Empieza un d\u00eda y luego otro y t\u00fa sigues, s\u00f3lo sigues&#8221;. Pues justamente, el hilo conductor del film dirigido por <strong>Emilio Arag\u00f3n <\/strong>es \u00e9se, c\u00f3mo afronta la gente los varapalos de la vida, c\u00f3mo los sufre, los asume y los deja atr\u00e1s.<br \/>\nMagistral el trabajo de <strong>Imanol Arias<\/strong>, de <strong>Carmen Machi<\/strong>,<strong>Llu\u00eds Homar<\/strong> y nuestro (vallisoletano) <strong>Fernando Cayo<\/strong>, y sorprendente el del peque\u00f1o<strong> Roger Pr\u00edncep<\/strong> (que, por cierto, tambi\u00e9n es hu\u00e9rfano en la vida real) en una interpretaci\u00f3n que no tiene nada que ver con la de esos ni\u00f1os repipis que estropean muchas series y largometrajes.<br \/>\nEl coloquio posterior estuvo muy animado. \u00b7&#8221;Esta profesi\u00f3n te da muchos regalos&#8221; dijo Carmen Machi quien alab\u00f3 hasta la saciedad la labor de Emilio Arag\u00f3n como director, guionista y compositor: &#8220;Y ya no digo nada de que me haya hecho cantar y bailar, con lo mal que lo hago. Es un mago&#8221;.<br \/>\nLa actriz tambi\u00e9n se fue con su ego cargado de elogios. &#8220;Dir\u00eda que es la mejor actriz que tenemos ahora mismo en Espa\u00f1a, pero para que no se enfade nadie, dir\u00e9 que es una de las mejores&#8221;, coment\u00f3 Emilio Arag\u00f3n.<br \/>\nYo tampoco puedo decir que &#8216;P\u00e1jaros de papel&#8217; es la mejor pel\u00edcula espa\u00f1ola del momento, pero s\u00ed que est\u00e1 entre las mejores.<\/p>\n<p><A href=\"http:\/\/www.nortecastilla.tv\/index.html#frontaleID=F_NORTTV&#038;sectionID=S_NORVAL&#038;videoID=119283\" title=\"http:\/\/www.nortecastilla.tv\/index.html#frontaleID=F_NORTTV&#038;sectionID=S_NORVAL&#038;videoID=119283\" id=\"link_1\">Puedes ver aqu\u00ed una v\u00eddeoentrevista a Carmen Machi sobre la pel\u00edcula.<\/a> <\/p>\n<p><IMG src=\"https:\/\/blogs.elnortedecastilla.es\/cosas-pasan\/files\/pajaros_de_papel9.JPG\" id=\"img_0\" class=\"imgcen\" width=\"448\" height=\"301\"><\/p>\n","protected":false},"excerpt":{"rendered":"<p>Tengo que reconocer que entre mis pelis favoritas no suelen estar aquellas que narran la vida de c\u00f3micos, actores de teatro, m\u00fasicos, etc\u00e9tera. No es que tenga yo man\u00eda al colectivo, nada m\u00e1s lejos, es que me tengo una especie de prejuicio que marida este tipo de films y el tedio absoluto. Si fui ayer [&hellip;]<\/p>\n","protected":false},"author":19,"featured_media":0,"comment_status":"open","ping_status":"closed","sticky":false,"template":"","format":"standard","meta":[],"categories":[6,1],"tags":[12,13,25,39,63,79,99,110],"_links":{"self":[{"href":"https:\/\/blogs.elnortedecastilla.es\/cosas-pasan\/wp-json\/wp\/v2\/posts\/51"}],"collection":[{"href":"https:\/\/blogs.elnortedecastilla.es\/cosas-pasan\/wp-json\/wp\/v2\/posts"}],"about":[{"href":"https:\/\/blogs.elnortedecastilla.es\/cosas-pasan\/wp-json\/wp\/v2\/types\/post"}],"author":[{"embeddable":true,"href":"https:\/\/blogs.elnortedecastilla.es\/cosas-pasan\/wp-json\/wp\/v2\/users\/19"}],"replies":[{"embeddable":true,"href":"https:\/\/blogs.elnortedecastilla.es\/cosas-pasan\/wp-json\/wp\/v2\/comments?post=51"}],"version-history":[{"count":0,"href":"https:\/\/blogs.elnortedecastilla.es\/cosas-pasan\/wp-json\/wp\/v2\/posts\/51\/revisions"}],"wp:attachment":[{"href":"https:\/\/blogs.elnortedecastilla.es\/cosas-pasan\/wp-json\/wp\/v2\/media?parent=51"}],"wp:term":[{"taxonomy":"category","embeddable":true,"href":"https:\/\/blogs.elnortedecastilla.es\/cosas-pasan\/wp-json\/wp\/v2\/categories?post=51"},{"taxonomy":"post_tag","embeddable":true,"href":"https:\/\/blogs.elnortedecastilla.es\/cosas-pasan\/wp-json\/wp\/v2\/tags?post=51"}],"curies":[{"name":"wp","href":"https:\/\/api.w.org\/{rel}","templated":true}]}}