{"id":56,"date":"2010-10-30T15:47:00","date_gmt":"2010-10-30T15:47:00","guid":{"rendered":"http:\/\/blogs.elnortedecastilla.es\/cosas-pasan\/?p=56"},"modified":"2010-10-30T15:47:00","modified_gmt":"2010-10-30T15:47:00","slug":"incendies-merecio-ganar","status":"publish","type":"post","link":"https:\/\/blogs.elnortedecastilla.es\/cosas-pasan\/2010\/10\/30\/incendies-merecio-ganar\/","title":{"rendered":"&#039;Incendies&#039; mereci\u00f3 ganar"},"content":{"rendered":"<p>Poco antes de comenzar la rueda de prensa en la que se dar\u00eda a conocer el palmar\u00e9s de la <A href=\"http:\/\/seminci.elnortedecastilla.es\/\" title=\"http:\/\/seminci.nortecastilla.es\/\" id=\"link_0\">Seminci 2010<\/a> , los periodistas comentaban en las puertas del teatro Calder\u00f3n de Valladolid que se hab\u00eda filtrado la Espiga de Oro. &#8220;Se la van a dar a <A href=\"..\/cosas-pasan\/2010\/10\/28\/sbaraglia-retorna-la-seminci-con-sin-retorno-\" title=\"http:\/\/blogs.nortecastilla.es\/cosas-pasan\/2010\/10\/28\/sbaraglia-retorna-la-seminci-con-sin-retorno-\" id=\"link_1\">&#8216;Sin retorno&#8217;<\/a> &#8220;, me coment\u00f3 un fotografo, &#8220;lo han contado los de la productora&#8221;. Junto a \u00e9l, otro compa\u00f1ero de profesi\u00f3n a\u00f1ad\u00eda con vehemencia que el mejor actor ser\u00eda Sabraglia y la mejor actriz Emma Su\u00e1rez. Ya en la bella Sala de los Espejos, donde d\u00eda tras d\u00edas se han presentado las distintas pel\u00edculas con sus principales actores, actrices y directores, alg\u00fan reportero apuntaba indignado a que la filtraci\u00f3n se hab\u00eda producido anoche, tras la deliberaci\u00f3n del jurado. &#8220;Es una falta de respeto&#8221;, concluy\u00f3 una conocida periodista radiof\u00f3nica. El director del Festival, Javier Angulo, acall\u00f3 los dimes y diretes con el inicio de la rueda de prensa, aunque tambi\u00e9n se refiri\u00f3 al peque\u00f1o incidente de la filtraci\u00f3n, insinuando un peque\u00f1o tir\u00f3n de orejas al causante del desliz.<br \/>\nPoco despu\u00e9s, uno a uno se fueron desvelando los premios. Efectivamente, Emma Su\u00e1rez (por &#8216;La mosquitera&#8217;) gan\u00f3 el premio a la mejor actriz, aunque el de mejor actor se lo lleva Jesper Chistense, por &#8216;En familia&#8217; (parece que la filtraci\u00f3n no era tan fiable como parec\u00eda).<br \/>\nTras una larga retah\u00edla de premios, y en el \u00faltimo lugar, lleg\u00f3 el turno de la Espiga de Oro o, mejor dicho, espigas, porque el premio se reparte entre <A href=\"..\/cosas-pasan\/2010\/10\/24\/ya-sabes-es-kiarostami\" title=\"http:\/\/blogs.nortecastilla.es\/cosas-pasan\/2010\/10\/24\/ya-sabes-es-kiarostami\" id=\"link_3\">&#8216;Copia certificada&#8217; <\/a> (de Abbas Kiorastami) y &#8216;Sin retorno&#8217; (de Miguel Cohan, que en el momento de o\u00edr su nombre accedi\u00f3 a la sala de los Espejos del Calder\u00f3n, con lo cual pudo escuchar muy a su pesar alg\u00fan abucheo). Dos pel\u00edculas muy distintas y dos de mis favoritas, aunque creo que &#8216;Sin retorno&#8217; se ganar\u00e1 m\u00e1s el favor del p\u00fablico por ser una historia actual y realista que cuenta con el mejor Sbaraglia.<br \/>\nSiento decir que esperaba un premio mejor para <A href=\"..\/cosas-pasan\/2010\/10\/26\/-es-demasiado-esnob-seminci-\" title=\"http:\/\/blogs.nortecastilla.es\/cosas-pasan\/2010\/10\/26\/-es-demasiado-esnob-seminci-\" id=\"link_2\">&#8216;Incendies&#8217;<\/a> , que se tendr\u00e1 que conformar con el Premio al mejor gui\u00f3n, el Del p\u00fablico y el de la Juventud. Esta historia canadiense tan bella y sobrecogedora merec\u00eda ganar una Espiga. Tampoco <A href=\"..\/cosas-pasan\/2010\/10\/30\/de-madres-coraje-y-otros-dramas\" title=\"http:\/\/blogs.nortecastilla.es\/cosas-pasan\/2010\/10\/30\/de-madres-coraje-y-otros-dramas\" id=\"link_5\">&#8216;La extra\u00f1a&#8217; <\/a> se ha ganado el favor del jurado, y es una l\u00e1stima.<br \/>\nDel resto dle palmar\u00e9s, coincido en que &#8216;A o B&#8217; y &#8216;Matar a una abejorro&#8217; son los mejores cortometrajes (unos pocos minutos para sonreir en un Festival en el que abundan en demas\u00eda los dramas) y me he alegrado porque el Premio Especial del Jurado haya reca\u00eddo en la sincera <A href=\"..\/cosas-pasan\/2010\/10\/28\/amor-versus-integrismo\" title=\"http:\/\/blogs.nortecastilla.es\/cosas-pasan\/2010\/10\/28\/amor-versus-integrismo\" id=\"link_4\">&#8216;Na putu&#8217;<\/a> .<br \/>\nEl jurado de la Seminci ha hecho su trabajo. Ahora la pelota est\u00e1 del lado del p\u00fablico. Ya se ver\u00e1 si el juicio popular coincide con el de los expertos.<\/p>\n","protected":false},"excerpt":{"rendered":"<p>Poco antes de comenzar la rueda de prensa en la que se dar\u00eda a conocer el palmar\u00e9s de la Seminci 2010 , los periodistas comentaban en las puertas del teatro Calder\u00f3n de Valladolid que se hab\u00eda filtrado la Espiga de Oro. &#8220;Se la van a dar a &#8216;Sin retorno&#8217; &#8220;, me coment\u00f3 un fotografo, &#8220;lo [&hellip;]<\/p>\n","protected":false},"author":19,"featured_media":0,"comment_status":"open","ping_status":"closed","sticky":false,"template":"","format":"standard","meta":[],"categories":[6,1],"tags":[66,96,139],"_links":{"self":[{"href":"https:\/\/blogs.elnortedecastilla.es\/cosas-pasan\/wp-json\/wp\/v2\/posts\/56"}],"collection":[{"href":"https:\/\/blogs.elnortedecastilla.es\/cosas-pasan\/wp-json\/wp\/v2\/posts"}],"about":[{"href":"https:\/\/blogs.elnortedecastilla.es\/cosas-pasan\/wp-json\/wp\/v2\/types\/post"}],"author":[{"embeddable":true,"href":"https:\/\/blogs.elnortedecastilla.es\/cosas-pasan\/wp-json\/wp\/v2\/users\/19"}],"replies":[{"embeddable":true,"href":"https:\/\/blogs.elnortedecastilla.es\/cosas-pasan\/wp-json\/wp\/v2\/comments?post=56"}],"version-history":[{"count":0,"href":"https:\/\/blogs.elnortedecastilla.es\/cosas-pasan\/wp-json\/wp\/v2\/posts\/56\/revisions"}],"wp:attachment":[{"href":"https:\/\/blogs.elnortedecastilla.es\/cosas-pasan\/wp-json\/wp\/v2\/media?parent=56"}],"wp:term":[{"taxonomy":"category","embeddable":true,"href":"https:\/\/blogs.elnortedecastilla.es\/cosas-pasan\/wp-json\/wp\/v2\/categories?post=56"},{"taxonomy":"post_tag","embeddable":true,"href":"https:\/\/blogs.elnortedecastilla.es\/cosas-pasan\/wp-json\/wp\/v2\/tags?post=56"}],"curies":[{"name":"wp","href":"https:\/\/api.w.org\/{rel}","templated":true}]}}