{"id":59,"date":"2010-11-18T20:24:00","date_gmt":"2010-11-18T20:24:00","guid":{"rendered":"http:\/\/blogs.elnortedecastilla.es\/cosas-pasan\/?p=59"},"modified":"2010-11-18T20:24:00","modified_gmt":"2010-11-18T20:24:00","slug":"somos-periodistas-y-punto-com","status":"publish","type":"post","link":"https:\/\/blogs.elnortedecastilla.es\/cosas-pasan\/2010\/11\/18\/somos-periodistas-y-punto-com\/","title":{"rendered":"Somos periodistas y punto (com)"},"content":{"rendered":"<p><meta http-equiv=\"Content-Type\" content=\"text\/html; charset=utf-8\"><meta name=\"ProgId\" content=\"Word.Document\"><meta name=\"Generator\" content=\"Microsoft Word 11\"><meta name=\"Originator\" content=\"Microsoft Word 11\"><link rel=\"File-List\" href=\"file:\/\/\/C:%5CDOCUME%7E1%5CLMARTI%7E1%5CCONFIG%7E1%5CTemp%5Cmsohtml1%5C01%5Cclip_filelist.xml\">\n<p class=\"MsoNormal\">Llego a la Redacci\u00f3n emocionada tras la charla de <strong>Gumersindo Lafuente<\/strong> en el Colegio Mayor Pe\u00f1afiel. La conferencia (que, por cierto, he intentado <A href=\"http:\/\/twitter.com\/#%21\/lilianamco\" title=\"http:\/\/twitter.com\/#!\/lilianamco\" id=\"link_0\">twittear<\/a> ) ha tratado del periodismo digital y del perfil necesario para afrontar los nuevos retos del oficio. Estaba orientada a estudiantes, por lo que yo he querido despojarme de los prejuicios que amontona la experiencia para escuchar las palabras del periodista de El Pa\u00eds con la misma candidez que el resto de los j\u00f3venes que abarrotaban la sala del colegio vallisoletano.<br \/>\n La apuesta de Lafuente por el periodismo digital qued\u00f3 patente desde sus primeras palabras. &#8220;Estamos ante un momento extremadamente excitante para el periodismo. Tenemos que reinventarnos y no pensar que la tecnolog\u00eda es nuestro enemigo&#8221;. Dej\u00f3 clara su apuesta por la Red. Y no solo porque dijo que cualquier periodista inteligente quiere trabajar en Internet, sino tambi\u00e9n porque defendi\u00f3 el periodismo por encima del soporte. &#8220;\u00bfLos peri\u00f3dicos de papel son esencial para la democracia? Pues entonces, tampoco pasa nada porque dejen de existir mientras el periodismo siga existiendo&#8221;.<br \/>\n Est\u00e1 claro que Gumersindo quiso ser provocador. Pidi\u00f3 a los periodistas del futuro que sean curiosos, impertinentes, rebeldes y que no se dejaran humillar nunca.&#8221;Este es un oficio de rebeld\u00eda permanente. Es mejor trabajar con gente inc\u00f3moda que con gente sumisa&#8221;. Tambi\u00e9n cuestion\u00f3 la utilidad de la carrera de Periodismo &#8220;sin otros conocimientos complementarios&#8221; y asegur\u00f3 (y esto es importante para los que busquen un trabajo en esta profesi\u00f3n) que \u00e9l ya no recoge curr\u00edculums. Prefiere mirar los seguidores y amigos de las redes sociales del posible candidato.<br \/>\n De la charla me quedo con su pasi\u00f3n contagiosa (porque para m\u00ed lo m\u00e1s importante en un oficio que tiende a convertir buenos profesionales en trabajadores quemados e hiperesc\u00e9pticos) y con una frase: &#8220;No me gustan las etiquetas. Somos periodistas y punto&#8221;. Pues eso, periodistas y punto (com).<\/p>\n<p class=\"MsoNormal\">\n<p class=\"MsoNormal\"><IMG src=\"https:\/\/blogs.elnortedecastilla.es\/cosas-pasan\/files\/Gumer.jpg\" id=\"img_0\" class=\"imgcen\" width=\"513\" height=\"386\"><\/p>\n","protected":false},"excerpt":{"rendered":"<p>Llego a la Redacci\u00f3n emocionada tras la charla de Gumersindo Lafuente en el Colegio Mayor Pe\u00f1afiel. La conferencia (que, por cierto, he intentado twittear ) ha tratado del periodismo digital y del perfil necesario para afrontar los nuevos retos del oficio. Estaba orientada a estudiantes, por lo que yo he querido despojarme de los prejuicios [&hellip;]<\/p>\n","protected":false},"author":19,"featured_media":0,"comment_status":"open","ping_status":"closed","sticky":false,"template":"","format":"standard","meta":[],"categories":[5,1],"tags":[69],"_links":{"self":[{"href":"https:\/\/blogs.elnortedecastilla.es\/cosas-pasan\/wp-json\/wp\/v2\/posts\/59"}],"collection":[{"href":"https:\/\/blogs.elnortedecastilla.es\/cosas-pasan\/wp-json\/wp\/v2\/posts"}],"about":[{"href":"https:\/\/blogs.elnortedecastilla.es\/cosas-pasan\/wp-json\/wp\/v2\/types\/post"}],"author":[{"embeddable":true,"href":"https:\/\/blogs.elnortedecastilla.es\/cosas-pasan\/wp-json\/wp\/v2\/users\/19"}],"replies":[{"embeddable":true,"href":"https:\/\/blogs.elnortedecastilla.es\/cosas-pasan\/wp-json\/wp\/v2\/comments?post=59"}],"version-history":[{"count":0,"href":"https:\/\/blogs.elnortedecastilla.es\/cosas-pasan\/wp-json\/wp\/v2\/posts\/59\/revisions"}],"wp:attachment":[{"href":"https:\/\/blogs.elnortedecastilla.es\/cosas-pasan\/wp-json\/wp\/v2\/media?parent=59"}],"wp:term":[{"taxonomy":"category","embeddable":true,"href":"https:\/\/blogs.elnortedecastilla.es\/cosas-pasan\/wp-json\/wp\/v2\/categories?post=59"},{"taxonomy":"post_tag","embeddable":true,"href":"https:\/\/blogs.elnortedecastilla.es\/cosas-pasan\/wp-json\/wp\/v2\/tags?post=59"}],"curies":[{"name":"wp","href":"https:\/\/api.w.org\/{rel}","templated":true}]}}