{"id":60,"date":"2010-11-23T20:57:00","date_gmt":"2010-11-23T20:57:00","guid":{"rendered":"http:\/\/blogs.elnortedecastilla.es\/cosas-pasan\/?p=60"},"modified":"2010-11-23T20:57:00","modified_gmt":"2010-11-23T20:57:00","slug":"la-voladura-la-torre-riano","status":"publish","type":"post","link":"https:\/\/blogs.elnortedecastilla.es\/cosas-pasan\/2010\/11\/23\/la-voladura-la-torre-riano\/","title":{"rendered":"La voladura de la torre de Ria\u00f1o"},"content":{"rendered":"<p><meta http-equiv=\"Content-Type\" content=\"text\/html; charset=utf-8\"><meta name=\"ProgId\" content=\"Word.Document\"><meta name=\"Generator\" content=\"Microsoft Word 11\"><meta name=\"Originator\" content=\"Microsoft Word 11\"><link rel=\"File-List\" href=\"file:\/\/\/C:%5CDOCUME%7E1%5CLMARTI%7E1%5CCONFIG%7E1%5CTemp%5Cmsohtml1%5C01%5Cclip_filelist.xml\">\n<p class=\"MsoNormal\">En un d\u00eda como el de hoy, (con acontecimientos internacionales tan graves e inquietantes como el ataque de Corea del Norte a su vecina Del Sur, con la Bolsa tambale\u00e1ndose ahora por culpa de los aleteos en Irlanda de la mariposa de la crisis y con la amenaza de un descenso de las temperaturas que nos deje tiritando) sorprende que uno de los v\u00eddeos m\u00e1s visitados y comentados (por lo menos en estas tierras castellanas y leonesas) sea el de un pueblo que desapareci\u00f3 hace ya 23 a\u00f1os. Las im\u00e1genes llevan colgadas desde hace m\u00e1s de un mes en YouTube, pero es ahora cuando los medios nos hemos puesto de acuerdo en aupar al reconocimiento de noticia un v\u00eddeo que fue grabado el 17 de julio de 1987.<br \/>\n El pie de foto reza: &#8220;Im\u00e1genes in\u00e9ditas de la voladura de la torre de Ria\u00f1o (Le\u00f3n), \u00faltimo s\u00edmbolo de una de las zonas m\u00e1s bonitas de Espa\u00f1a antes de ser inundada por las aguas para crear el pantano de Ria\u00f1o&#8221;.<br \/>\n Y, efectivamente, lo que describe es lo que se ve. Ni m\u00e1s ni menos, ni menos ni m\u00e1s. Un minuto en la historia de un pueblo que luch\u00f3 hasta el final por sobrevivir y que tuvo que resignarse a trasladar sus esperanzas piedra a piedra.<br \/>\n Ahora, Ria\u00f1o ha logrado reinventarse y vivir del turismo y de la caza mientras observa d\u00eda a d\u00eda las aguas que anegaron su pasado.<br \/>\n Yo fui de ni\u00f1a varias veces (mi abuelo naci\u00f3 all\u00ed), pero no logr\u00f3 recordar nada antes de ese verano de 1987. Sin embargo, nunca olvidar\u00e9 el d\u00eda en el que mi abuelo nos llam\u00f3 a mi hermana y a m\u00ed (yo ten\u00eda 12 a\u00f1os y Silvia, poco m\u00e1s de 8) y, con vehemencia, nos dijo: &#8220;Hoy vais a ver algo hist\u00f3rico&#8221;. Y hoy, cuando he visto el v\u00eddeo de la voladura de la torre, he revivido ese preciso momento, el d\u00eda en el que desde el peque\u00f1o Ford Fiesta rojo de mi abuelo recorrimos Ria\u00f1o por \u00faltima vez. Un pueblo como muchos otros de la monta\u00f1a, con sus casas de piedra y sus ventanas de madera; con sus fachadas blancas y grises, y sus tejados preparados para sufrir las inclemencias del tiempo&#8230; Pero las caras de sus gentes reflejaban la desesperaci\u00f3n. Se trataba de un pueblo entero que hac\u00eda las maletas muy a su pesar. Hab\u00edan luchado, se hab\u00edan movilizados, muchos se atrincheraron en sus casas&#8230; pero no consiguieron el indulto. El d\u00eda que yo visit\u00e9 Ria\u00f1o, ten\u00eda los d\u00edas contados. Sus vecinos recog\u00edan sus enseres, tristes, cabizbajos, destruidos&#8230; Las paredes estaban repletas de carteles y pintadas y en algunas casas se manten\u00edan grandes pancartas con un rotundo &#8216;No al pantano&#8217;.<br \/>\n Sus esperanzas volaron por los aires, como la torre que dinamitan en el v\u00eddeo de Youtube, y mientras a algunos les parec\u00eda preciosa la devastaci\u00f3n, otros se desga\u00f1itaban gritando un &#8216;Fuera, fuera&#8217; que ha logrado milagrosamente sobrevivir y transformarse, con el tiempo, mucha determinaci\u00f3n y una pizca de melancol\u00eda, en un &#8216;Ria\u00f1o vive&#8217;.<\/p>\n<p class=\"MsoNormal\">\n<p class=\"MsoNormal\"><A href=\"http:\/\/www.elnortedecastilla.es\/multimedia\/fotos\/ultimos\/67271-imagenes-antiguas-demolicion-riano-0.html\" title=\"http:\/\/www.nortecastilla.es\/multimedia\/fotos\/ultimos\/67271-imagenes-antiguas-demolicion-riano-0.html\" id=\"link_0\"><strong>(Aqu\u00ed pod\u00e9is ver una galer\u00eda de fotos de la demolici\u00f3n de Ria\u00f1o) <\/strong><\/a><\/p>\n<p><object style=\"border: 0pt none; background: none repeat scroll 0% 0% transparent; margin: 0pt;\" height=\"385\" width=\"480\"><param  name=\"movie\" value=\"http:\/\/www.youtube.com\/v\/zmJfXf3Ello?fs=1&#038;hl=es_ES\"><\/param><param  name=\"allowFullScreen\" value=\"true\"><\/param><param  name=\"allowscriptaccess\" value=\"always\"><\/param><embed  src=\"\/\/www.youtube.com\/v\/zmJfXf3Ello?fs=1&#038;hl=es_ES\" type=\"application\/x-shockwave-flash\" allowscriptaccess=\"always\" allowfullscreen=\"true\" height=\"385\" width=\"480\"><\/embed><\/object><\/p>\n","protected":false},"excerpt":{"rendered":"<p>En un d\u00eda como el de hoy, (con acontecimientos internacionales tan graves e inquietantes como el ataque de Corea del Norte a su vecina Del Sur, con la Bolsa tambale\u00e1ndose ahora por culpa de los aleteos en Irlanda de la mariposa de la crisis y con la amenaza de un descenso de las temperaturas que [&hellip;]<\/p>\n","protected":false},"author":19,"featured_media":0,"comment_status":"open","ping_status":"closed","sticky":false,"template":"","format":"standard","meta":[],"categories":[1],"tags":[116,143],"_links":{"self":[{"href":"https:\/\/blogs.elnortedecastilla.es\/cosas-pasan\/wp-json\/wp\/v2\/posts\/60"}],"collection":[{"href":"https:\/\/blogs.elnortedecastilla.es\/cosas-pasan\/wp-json\/wp\/v2\/posts"}],"about":[{"href":"https:\/\/blogs.elnortedecastilla.es\/cosas-pasan\/wp-json\/wp\/v2\/types\/post"}],"author":[{"embeddable":true,"href":"https:\/\/blogs.elnortedecastilla.es\/cosas-pasan\/wp-json\/wp\/v2\/users\/19"}],"replies":[{"embeddable":true,"href":"https:\/\/blogs.elnortedecastilla.es\/cosas-pasan\/wp-json\/wp\/v2\/comments?post=60"}],"version-history":[{"count":0,"href":"https:\/\/blogs.elnortedecastilla.es\/cosas-pasan\/wp-json\/wp\/v2\/posts\/60\/revisions"}],"wp:attachment":[{"href":"https:\/\/blogs.elnortedecastilla.es\/cosas-pasan\/wp-json\/wp\/v2\/media?parent=60"}],"wp:term":[{"taxonomy":"category","embeddable":true,"href":"https:\/\/blogs.elnortedecastilla.es\/cosas-pasan\/wp-json\/wp\/v2\/categories?post=60"},{"taxonomy":"post_tag","embeddable":true,"href":"https:\/\/blogs.elnortedecastilla.es\/cosas-pasan\/wp-json\/wp\/v2\/tags?post=60"}],"curies":[{"name":"wp","href":"https:\/\/api.w.org\/{rel}","templated":true}]}}