{"id":67,"date":"2012-12-20T14:35:37","date_gmt":"2012-12-20T13:35:37","guid":{"rendered":"http:\/\/blogs.elnortedecastilla.es\/cosas-pasan\/?p=67"},"modified":"2012-12-20T14:35:37","modified_gmt":"2012-12-20T13:35:37","slug":"en-esencia-periodismo","status":"publish","type":"post","link":"https:\/\/blogs.elnortedecastilla.es\/cosas-pasan\/2012\/12\/20\/en-esencia-periodismo\/","title":{"rendered":"En esencia, periodismo"},"content":{"rendered":"<p>Recupero este blog despu\u00e9s de taaanto tiempo para incluir el art\u00edculo que he escrito (en versi\u00f3n extendida) para el suplemento del 20 aniversario de la delegaci\u00f3n segoviana de El Norte de Castilla. Ah\u00ed va:<\/p>\n<p>&nbsp;<\/p>\n<p>Tres veces, tres, he tenido que hacer la cuenta. De 1997 a 2012\u2026 quince a\u00f1os. \u00a1Quince! No puede ser. De 1997 a 2007 van diez, m\u00e1s cinco, 2012\u2026 \u00a1Quince a\u00f1os! Y mentalmente, he contado uno por uno para llegar a la misma conclusi\u00f3n: Que han pasado quince a\u00f1os en un suspiro, al galope y con la soberbia del que tiene la sart\u00e9n por el mango. Tal vez estas letras destilen demasiada melancol\u00eda y, si hay que culpar a alguien, se\u00f1alo sin dudarlo a los sones de Manolo Garc\u00eda. \u00a0\u2018Nunca el tiempo es perdido\u2019, tararea en mis o\u00eddos mientras escribo este art\u00edculo, y sus sones amparan mis recuerdos de ese diciembre de 1997 cuando mis ojos capturaron por primera vez la imagen del imponente Acueducto. Los cinco a\u00f1os posteriores sirvieron como diaria penitencia por haber ignorado durante 23 a\u00f1os su ins\u00f3lita existencia. Despreciando el fr\u00edo que apremiaba mis pasos, opt\u00e9 por tomarme mi tiempo para llegar a la Plaza Mayor. Tengo grabado ese recorrido en mi memoria y, por muchas (y fueron much\u00edsimas) veces que mis piernas trazaron ese mismo itinerario, no puedo evitar que la imagen que atesora mi recuerdo sea la de ese primer d\u00eda.<\/p>\n<p>Tuve suerte. Mi primera incursi\u00f3n en la delegaci\u00f3n segoviana del peri\u00f3dico fue en la cena de Navidad. En un ambiente distendido (muy distendido) conoc\u00ed a los que ser\u00edan mis compa\u00f1eros en los siguientes cinco a\u00f1os: Mosco, Carlos, \u00c1lvaro, los dos Fernandos, Teresa, Tanarro, Municio y, por supuesto, To\u00f1o y Cris (los que luego ser\u00edan mi peque\u00f1a familia segoviana, junto a sus\/mis ni\u00f1as). Con algunos coincid\u00ed all\u00ed solo un par de a\u00f1os, como con Javier, con Jaime o con Jos\u00e9 Jes\u00fas y Noem\u00ed; y con otros solo en esa cena, como Antonio (aunque los entuertos de la vida nos han llevado a encontrarnos posteriormente en la redacci\u00f3n de Valladolid).<\/p>\n<p>Aquella noche comenc\u00e9 una nueva etapa de mi vida en la que aprend\u00ed buena parte de esta profesi\u00f3n que gestiona como ninguna la cal y la arena. Fue el mejor m\u00e1ster que un periodista puede acometer, el de la calle, el de enfrentarte sin grandilocuencias ni laureadas al d\u00eda a d\u00eda de la actualidad, a las vidas de la gente corriente, la del vecino, la de la mujer de la tienda de la esquina, el de la chabola enlodada, el del hijo del cura, el del premiado con la loter\u00eda, el fot\u00f3grafo de la Calle Real\u2026 Historias, al fin al cabo, que son la esencia del periodismo; de un periodismo que sirve a sus lectores con humildad, que huye del boato y que no espera palmadas en la espalda. Ingrato s\u00ed, pero periodismo del que curte al fin y al cabo. Y a m\u00ed me curti\u00f3. Recordar\u00e9 siempre con orgullo esta \u2018escuela segoviana\u2019 que me impregn\u00f3 de la esencia del periodismo. Y justo, cuando escribo esto, el poeta Garc\u00eda canta en su estribillo \u2018nunca el tiempo es perdido, solo un recodo m\u00e1s en nuestra ilusi\u00f3n \u00e1vida de olvido\u2026\u2019. Nadie lo habr\u00eda expresado mejor.<\/p>\n","protected":false},"excerpt":{"rendered":"<p>Recupero este blog despu\u00e9s de taaanto tiempo para incluir el art\u00edculo que he escrito (en versi\u00f3n extendida) para el suplemento del 20 aniversario de la delegaci\u00f3n segoviana de El Norte de Castilla. Ah\u00ed va: &nbsp; Tres veces, tres, he tenido que hacer la cuenta. De 1997 a 2012\u2026 quince a\u00f1os. \u00a1Quince! No puede ser. De [&hellip;]<\/p>\n","protected":false},"author":19,"featured_media":0,"comment_status":"open","ping_status":"closed","sticky":false,"template":"","format":"standard","meta":[],"categories":[1],"tags":[],"_links":{"self":[{"href":"https:\/\/blogs.elnortedecastilla.es\/cosas-pasan\/wp-json\/wp\/v2\/posts\/67"}],"collection":[{"href":"https:\/\/blogs.elnortedecastilla.es\/cosas-pasan\/wp-json\/wp\/v2\/posts"}],"about":[{"href":"https:\/\/blogs.elnortedecastilla.es\/cosas-pasan\/wp-json\/wp\/v2\/types\/post"}],"author":[{"embeddable":true,"href":"https:\/\/blogs.elnortedecastilla.es\/cosas-pasan\/wp-json\/wp\/v2\/users\/19"}],"replies":[{"embeddable":true,"href":"https:\/\/blogs.elnortedecastilla.es\/cosas-pasan\/wp-json\/wp\/v2\/comments?post=67"}],"version-history":[{"count":0,"href":"https:\/\/blogs.elnortedecastilla.es\/cosas-pasan\/wp-json\/wp\/v2\/posts\/67\/revisions"}],"wp:attachment":[{"href":"https:\/\/blogs.elnortedecastilla.es\/cosas-pasan\/wp-json\/wp\/v2\/media?parent=67"}],"wp:term":[{"taxonomy":"category","embeddable":true,"href":"https:\/\/blogs.elnortedecastilla.es\/cosas-pasan\/wp-json\/wp\/v2\/categories?post=67"},{"taxonomy":"post_tag","embeddable":true,"href":"https:\/\/blogs.elnortedecastilla.es\/cosas-pasan\/wp-json\/wp\/v2\/tags?post=67"}],"curies":[{"name":"wp","href":"https:\/\/api.w.org\/{rel}","templated":true}]}}