{"id":1108,"date":"2012-04-27T11:01:21","date_gmt":"2012-04-27T09:01:21","guid":{"rendered":"http:\/\/blogs.elnortedecastilla.es\/deathblog\/?p=1108"},"modified":"2012-04-27T11:01:21","modified_gmt":"2012-04-27T09:01:21","slug":"planeta-reeditara-la-primera-publicacion-de-bola-de-dragon","status":"publish","type":"post","link":"https:\/\/blogs.elnortedecastilla.es\/deathblog\/2012\/04\/27\/planeta-reeditara-la-primera-publicacion-de-bola-de-dragon\/","title":{"rendered":"Planeta reeditar\u00e1 la primera publicaci\u00f3n de Bola de Drag\u00f3n"},"content":{"rendered":"<p><a href=\"\/deathblog\/wp-content\/uploads\/sites\/11\/2012\/04\/akira-toriyama.jpg\"><img class=\"alignleft size-full wp-image-1109\" style=\"margin-left: 6px; margin-right: 6px;\" title=\"akira-toriyama\" src=\"\/deathblog\/wp-content\/uploads\/sites\/11\/2012\/04\/akira-toriyama.jpg\" alt=\"\" width=\"300\" srcset=\"https:\/\/static-blogs.elnortedecastilla.es\/wp-content\/uploads\/sites\/11\/2012\/04\/akira-toriyama.jpg 405w, https:\/\/static-blogs.elnortedecastilla.es\/wp-content\/uploads\/sites\/11\/2012\/04\/akira-toriyama-198x300.jpg 198w\" sizes=\"(max-width: 405px) 100vw, 405px\" \/><\/a>La que se ha montado en foros y blogs especializados con el anuncio de<strong> Planeta de Agostini<\/strong> sobre la<strong> reedici\u00f3n de Bola de Drag\u00f3n<\/strong>. El caso es que este a\u00f1o <strong>Planeta cumple 30 a\u00f1os<\/strong> y est\u00e1n de celebraci\u00f3n. Esta efem\u00e9ride coincide, adem\u00e1s, con los<strong> 20 a\u00f1os de la primera edici\u00f3n manga de Bola de Drag\u00f3n<\/strong> en esta misma editorial. Planeta que anda un poco as\u00ed as\u00ed porque no sabe si podr\u00e1 seguir con los derechos de DC\/V\u00e9rtigo -espero que s\u00ed- ha decidido buscar una salida.<\/p>\n<p>Por el momento, en el<strong> 30 Sal\u00f3n del C\u00f3mic de Barcelona<\/strong> se distribuir\u00e1 de manera gratuita una edici\u00f3n facs\u00edmil igual a la edici\u00f3n original de 1992. Adem\u00e1s, incluir\u00e1 textos de varios autores que estuvieron encargados de la serie en Espa\u00f1a.<\/p>\n<p>Todav\u00eda no se conocen grandes detalles de la edici\u00f3n conmemorativa que Planeta lanzar\u00e1 a finales de a\u00f1o pero tanto <a href=\"http:\/\/www.deculture.es\/2012\/04\/26\/edicion-20-aniversario-dragon-ball\/#comment-12847\" rel=\"external nofollow\">deCulture<\/a> como <a href=\"http:\/\/ramenparados.blogspot.com.es\/2012\/04\/edicion-20-aniversario-de-dragon-ball.html\" rel=\"external nofollow\">Ramen para Dos<\/a> apuntan a una edici\u00f3n en carton\u00e9 (tapa dura) con dos tomos en un estuche que no se podr\u00edan adquiriri por separado. El primer volumen recoger\u00eda desde el principio hasta el<strong> entrenamiento con el Duende Tortuga<\/strong>\u00a0 y el segundo el <strong>21 Tornero de Artes Marciales<\/strong>.<\/p>\n<p><strong>Planeta presentar\u00e1 oficialmente el 5 mayo<\/strong> en el Sal\u00f3n del C\u00f3mic de Barcelona esta edici\u00f3n de Bola de Drag\u00f3n y dar\u00e1 muchos m\u00e1s detalles.<\/p>\n<p style=\"text-align: right;\"><a href=\"https:\/\/blogs.elnortedecastilla.es\/deathblog\/2012\/04\/27\/planeta-reeditara-la-primera-publicacion-de-bola-de-dragon\/\">Continuar leyendo<\/a>&#8230;<\/p>\n<p><!--more-->Texto traducido del anuncio hecho por la editorial:<\/p>\n<p><em>Se trata ni m\u00e1s ni menos que de una irrepetible edici\u00f3n 20 aniversario, donde se presentar\u00e1n dos vol\u00famenes carton\u00e9 que recopilan desde el origen hasta el final del entrenamiento con el Duende Tortuga, en el primer volumen, y todo el 21\u00ba Torneo de las Artes Marciales en el segundo. As\u00ed se completa la primer aparte del manga de forma autoconclusiva. Ambos vol\u00famenes vendr\u00e1n en un estuche, no se podr\u00e1n adquirir por separado, y la edici\u00f3n conjunta ser\u00e1 limitada y numerada, tanto en castellano como en catal\u00e0.<\/em><\/p>\n<p><em>Un hecho tan irrepetible como lo es vivi el a\u00f1o del 20 aniversario de la publicaci\u00f3n de Dragon Ball en Espa\u00f1a, el 20 aniversario de los inicios del manga tal y como hoy lo conocemos. Ser\u00e1 una edici\u00f3n para celebrar, un monumento a estos 20 a\u00f1os de aventuras de Son Goku y compa\u00f1\u00eda. Una edici\u00f3n para todos aquellos ni\u00f1os que intercambiaban fotocopias en el recreo, para todos los profesionales, tanto de <a title=\"Planeta DeAgostini\" href=\"http:\/\/www.deculture.es\/tag\/planeta-deagostini\/\" rel=\"external nofollow\">Planeta DeAgostini<\/a> C\u00f3mics como del resto de editoriales, que han contribu\u00eddo de una manera u otra a que el mercado del manga haya continuado creciendo en nuestro pa\u00eds, Para todos ellos, y para vosotros, porque este 20 aniversario tambi\u00e9n es vuestro.<\/em><\/p>\n<p><em>-David Hernando.-<\/em><\/p>\n","protected":false},"excerpt":{"rendered":"<p>La que se ha montado en foros y blogs especializados con el anuncio de Planeta de Agostini sobre la reedici\u00f3n de Bola de Drag\u00f3n. El caso es que este a\u00f1o Planeta cumple 30 a\u00f1os y est\u00e1n de celebraci\u00f3n. Esta efem\u00e9ride coincide, adem\u00e1s, con los 20 a\u00f1os de la primera edici\u00f3n manga de Bola de Drag\u00f3n [&hellip;]<\/p>\n","protected":false},"author":15,"featured_media":0,"comment_status":"open","ping_status":"closed","sticky":false,"template":"","format":"standard","meta":[],"categories":[4],"tags":[62,405,444],"_links":{"self":[{"href":"https:\/\/blogs.elnortedecastilla.es\/deathblog\/wp-json\/wp\/v2\/posts\/1108"}],"collection":[{"href":"https:\/\/blogs.elnortedecastilla.es\/deathblog\/wp-json\/wp\/v2\/posts"}],"about":[{"href":"https:\/\/blogs.elnortedecastilla.es\/deathblog\/wp-json\/wp\/v2\/types\/post"}],"author":[{"embeddable":true,"href":"https:\/\/blogs.elnortedecastilla.es\/deathblog\/wp-json\/wp\/v2\/users\/15"}],"replies":[{"embeddable":true,"href":"https:\/\/blogs.elnortedecastilla.es\/deathblog\/wp-json\/wp\/v2\/comments?post=1108"}],"version-history":[{"count":0,"href":"https:\/\/blogs.elnortedecastilla.es\/deathblog\/wp-json\/wp\/v2\/posts\/1108\/revisions"}],"wp:attachment":[{"href":"https:\/\/blogs.elnortedecastilla.es\/deathblog\/wp-json\/wp\/v2\/media?parent=1108"}],"wp:term":[{"taxonomy":"category","embeddable":true,"href":"https:\/\/blogs.elnortedecastilla.es\/deathblog\/wp-json\/wp\/v2\/categories?post=1108"},{"taxonomy":"post_tag","embeddable":true,"href":"https:\/\/blogs.elnortedecastilla.es\/deathblog\/wp-json\/wp\/v2\/tags?post=1108"}],"curies":[{"name":"wp","href":"https:\/\/api.w.org\/{rel}","templated":true}]}}