{"id":1189,"date":"2013-02-10T17:10:31","date_gmt":"2013-02-10T15:10:31","guid":{"rendered":"http:\/\/blogs.elnortedecastilla.es\/deathblog\/?p=1189"},"modified":"2013-02-10T17:10:31","modified_gmt":"2013-02-10T15:10:31","slug":"dublines-la-importancia-de-llamarse-james-joyce","status":"publish","type":"post","link":"https:\/\/blogs.elnortedecastilla.es\/deathblog\/2013\/02\/10\/dublines-la-importancia-de-llamarse-james-joyce\/","title":{"rendered":"Dublin\u00e9s. La importancia de llamarse James Joyce"},"content":{"rendered":"<p><a href=\"\/deathblog\/wp-content\/uploads\/sites\/11\/2013\/01\/zapico-dublines.jpg\"><img class=\"alignleft  wp-image-1190\" style=\"margin-left: 5px; margin-right: 5px;\" title=\"zapico-dublines\" src=\"\/deathblog\/wp-content\/uploads\/sites\/11\/2013\/01\/zapico-dublines.jpg\" alt=\"\" width=\"300\" srcset=\"https:\/\/static-blogs.elnortedecastilla.es\/wp-content\/uploads\/sites\/11\/2013\/01\/zapico-dublines.jpg 524w, https:\/\/static-blogs.elnortedecastilla.es\/wp-content\/uploads\/sites\/11\/2013\/01\/zapico-dublines-211x300.jpg 211w\" sizes=\"(max-width: 524px) 100vw, 524px\" \/><\/a><strong>Alfonso Zapico<\/strong> gan\u00f3 en <strong>2012 el Premio Nacional de C\u00f3mic<\/strong> por <em>Dublin\u00e9s<\/em>, una novela gr\u00e1fica que cuenta de manera, \u00e1gil y divertida<strong> la vida de James Joyce<\/strong>, autor de &#8216;<em>Ulysses<\/em>&#8216;, entre otras obras. Zapico no solo narra la vida del autor irland\u00e9s sino que alegra su c\u00f3mic con numerosas an\u00e9cdotas y\u00a0sus encuentros (y desencuentros) con otros escritores de su generaci\u00f3n como <strong>H. G. Welles, Hemingway, Virginia Woolf, Samuel Beckett, Bernard Shaw, Proust y hasta Lenin<\/strong>.<\/p>\n<p><strong>No he le\u00eddo &#8216;Ulysses&#8217;<\/strong> ni creo que lo haga pero no hace falta para disfrutar esta obra. Es verdad que si adem\u00e1s eres uno de esos que celebra el &#8216;<em>Bloomsday<\/em>&#8216; (16 de junio) supongo que gustar\u00e1 todav\u00eda m\u00e1s. <strong>A Dublin\u00e9s lo acompa\u00f1a una gu\u00eda de viaje<\/strong>, llamada &#8216;<strong>La ruta Joyce<\/strong>&#8216;, un &#8216;making-off&#8217; de este c\u00f3mic que llev\u00f3 a su autor dos a\u00f1os de trabajo. Mucho de ese tiempo se lo dedic\u00f3 a la documentaci\u00f3n. Es su entrega a ese periodo a lo que dedica <em>&#8216;La ruta Joyce<\/em>&#8216; con viaje en tren incluido.<\/p>\n<p style=\"text-align: right;\"><a href=\"https:\/\/blogs.elnortedecastilla.es\/deathblog\/2013\/02\/10\/dublines-la-importancia-de-llamarse-james-joyce\/\">Continuar leyendo<\/a>&#8230;<\/p>\n<p><!--more--><\/p>\n<p>La verdad es que Zapico eligi\u00f3 a Joyce porque le apasionaba como autor, pero tambi\u00e9n le apasionaba su vida y \u00a0su forma de ser. No es para menos. <strong>La existencia de Joyce fue digna de un genio<\/strong>. Prostitutas, juergas, mucho alcohol, un amor loco para toda la vida, enfermedad, la ruina constante (no importa el dinero que tuviera ni los mecenas que lo apoyaran) y un gran sentido del humor que se contagia a &#8216;<em>Dublin\u00e9s<\/em>&#8216;.<\/p>\n<p><strong>Joyce fue un genio ego\u00edsta<\/strong> que interpon\u00eda sus deseos y sableaba a sus amigos sin piedad. Un hombre exc\u00e9ntrico capaz de contar sus aventuras sexuales m\u00e1s obscenas a una mujer a la que pretend\u00eda. Alguien que comenz\u00f3 su relaci\u00f3n con la que fuera <strong>el amor de su vida<\/strong>, Nora, por una apuesta.<\/p>\n<p><strong>&#8216;Dublin\u00e9s&#8217; se divide en siete cap\u00edtulos<\/strong> en los que recorremos las distintas ciudades en las que vivi\u00f3 Joyce: <em>Dubl\u00edn<\/em>, <em>Trieste<\/em>, <em>Zurich<\/em> y <em>Par\u00eds<\/em>. Su familia, formada por <strong>10 hermanos de los que \u00e9l era el mayor<\/strong>, su madre, una cat\u00f3lica fervorosa y su padre un alcoh\u00f3lico muy fervoroso, tambi\u00e9n pero que convirti\u00f3 a <strong>su hijo mayor en el favorito<\/strong> ya que se parec\u00edan mucho en varios aspectos.<\/p>\n<p style=\"text-align: center;\"><a href=\"\/deathblog\/wp-content\/uploads\/sites\/11\/2013\/01\/Dublin\u00e9s-Alfonso-Zapico-Dubl\u00edn.jpg\"><img loading=\"lazy\" class=\"wp-image-1191 aligncenter\" title=\"Dublin\u00e9s-Alfonso-Zapico-Dubl\u00edn\" src=\"\/deathblog\/wp-content\/uploads\/sites\/11\/2013\/01\/Dublin\u00e9s-Alfonso-Zapico-Dubl\u00edn.jpg\" alt=\"\" width=\"580\" height=\"326\" srcset=\"https:\/\/static-blogs.elnortedecastilla.es\/wp-content\/uploads\/sites\/11\/2013\/01\/Dublin\u00e9s-Alfonso-Zapico-Dubl\u00edn.jpg 627w, https:\/\/static-blogs.elnortedecastilla.es\/wp-content\/uploads\/sites\/11\/2013\/01\/Dublin\u00e9s-Alfonso-Zapico-Dubl\u00edn-300x168.jpg 300w\" sizes=\"(max-width: 580px) 100vw, 580px\" \/><\/a><\/p>\n<p>Conocemos a <em>Nora<\/em> pero tambi\u00e9n con el tiempo, a <strong>sus hijos, Giorgio y Luc\u00eda<\/strong> (la pobre tuvo esquizofrenia) as\u00ed como a sus amigos. A los que conserv\u00f3 durante toda su vida, a los que no, a los que iban y ven\u00edan y a los que no le quer\u00eda todo lo que se podr\u00eda esperar de un amigo.<\/p>\n<p>Por supuesto, tambi\u00e9n sabemos<strong> detalles del desarrollo de su obra literaria<\/strong> y sus esfuerzos porque se publicase o representase en teatro (&#8216;<em>Exile<\/em>&#8216;), el proceso creativo y <strong>las trabas\u00a0judiciales\u00a0y de censura<\/strong> sobre la mayor parte de su obra. Tambi\u00e9n la lucha &#8216;antipirater\u00eda&#8217; que inici\u00f3 en EE.UU. ante<strong> la publicaci\u00f3n ilegal<\/strong> en este pa\u00eds de &#8216;<em>Ulysses<\/em>&#8216;, causa a la que se unieron otros contempor\u00e1neos suyos, incluyendo a <strong>G\u00f3mez de la Serna y Unamuno<\/strong>.<\/p>\n<p style=\"text-align: center;\"><a href=\"\/deathblog\/wp-content\/uploads\/sites\/11\/2013\/01\/dublin\u00e9s2.jpg\"><img class=\"aligncenter  wp-image-1192\" title=\"dublin\u00e9s2\" src=\"\/deathblog\/wp-content\/uploads\/sites\/11\/2013\/01\/dublin\u00e9s2.jpg\" alt=\"\" width=\"580\" srcset=\"https:\/\/static-blogs.elnortedecastilla.es\/wp-content\/uploads\/sites\/11\/2013\/01\/dublin\u00e9s2.jpg 625w, https:\/\/static-blogs.elnortedecastilla.es\/wp-content\/uploads\/sites\/11\/2013\/01\/dublin\u00e9s2-300x146.jpg 300w\" sizes=\"(max-width: 625px) 100vw, 625px\" \/><\/a><\/p>\n<p>Toda su vida quiso ser un escritor famoso y lo consigui\u00f3. &#8216;<em>Ulysses<\/em>&#8216; se convirti\u00f3 desde su primera edici\u00f3n (con unas libreras amigas suyas) en un <strong>signo de distinci\u00f3n<\/strong> y &#8216;esnobismo&#8217; para la clase superior econ\u00f3micamente que tambi\u00e9n lo era intelectualmente. Esta primera edici\u00f3n estuvo reservada, entre otros por <em>Churchill<\/em>. La segunda remesa se vendi\u00f3 en unos pocos d\u00edas.<\/p>\n<p><strong>Alfonso Zapico<\/strong> trabaj\u00f3 durante 2010 en<strong> la Maison des auteurs en Angouleme<\/strong> \u00a0(capital del c\u00f3mic franc\u00e9s) con una beca de la <strong>Alh\u00f3ndiga de Bilbao<\/strong> conseguida gracias al proyecto &#8216;<em>Dublin\u00e9s<\/em>&#8216;. Su fin era hacer un <strong>c\u00f3mic accesible y f\u00e1cil de leer<\/strong> para todos, algo que ha conseguido, no como la obra de <em>Joyce<\/em>, aunque a \u00e9l seguro que no le importa.<\/p>\n<p><strong>T\u00edtulo:<\/strong>\u00a0Dublin\u00e9s<br \/>\n<strong>Autor:<\/strong> Alfonso Zapico<br \/>\n<strong>Ilustraciones:<\/strong>\u00a0Alfonso Zapico<br \/>\n<strong>Editorial:<\/strong>\u00a0Astiberri<br \/>\n<strong>Edici\u00f3n<\/strong>: Carton\u00e9<br \/>\n<strong>P\u00e1ginas<\/strong>: 300<br \/>\n<strong>Precio<\/strong>: 18 euros<br \/>\n<strong>ISBN<\/strong>: 9788415163046<\/p>\n","protected":false},"excerpt":{"rendered":"<p>Alfonso Zapico gan\u00f3 en 2012 el Premio Nacional de C\u00f3mic por Dublin\u00e9s, una novela gr\u00e1fica que cuenta de manera, \u00e1gil y divertida la vida de James Joyce, autor de &#8216;Ulysses&#8216;, entre otras obras. Zapico no solo narra la vida del autor irland\u00e9s sino que alegra su c\u00f3mic con numerosas an\u00e9cdotas y\u00a0sus encuentros (y desencuentros) con [&hellip;]<\/p>\n","protected":false},"author":15,"featured_media":0,"comment_status":"open","ping_status":"closed","sticky":false,"template":"","format":"standard","meta":[],"categories":[3],"tags":[20,34,127,411],"_links":{"self":[{"href":"https:\/\/blogs.elnortedecastilla.es\/deathblog\/wp-json\/wp\/v2\/posts\/1189"}],"collection":[{"href":"https:\/\/blogs.elnortedecastilla.es\/deathblog\/wp-json\/wp\/v2\/posts"}],"about":[{"href":"https:\/\/blogs.elnortedecastilla.es\/deathblog\/wp-json\/wp\/v2\/types\/post"}],"author":[{"embeddable":true,"href":"https:\/\/blogs.elnortedecastilla.es\/deathblog\/wp-json\/wp\/v2\/users\/15"}],"replies":[{"embeddable":true,"href":"https:\/\/blogs.elnortedecastilla.es\/deathblog\/wp-json\/wp\/v2\/comments?post=1189"}],"version-history":[{"count":0,"href":"https:\/\/blogs.elnortedecastilla.es\/deathblog\/wp-json\/wp\/v2\/posts\/1189\/revisions"}],"wp:attachment":[{"href":"https:\/\/blogs.elnortedecastilla.es\/deathblog\/wp-json\/wp\/v2\/media?parent=1189"}],"wp:term":[{"taxonomy":"category","embeddable":true,"href":"https:\/\/blogs.elnortedecastilla.es\/deathblog\/wp-json\/wp\/v2\/categories?post=1189"},{"taxonomy":"post_tag","embeddable":true,"href":"https:\/\/blogs.elnortedecastilla.es\/deathblog\/wp-json\/wp\/v2\/tags?post=1189"}],"curies":[{"name":"wp","href":"https:\/\/api.w.org\/{rel}","templated":true}]}}