{"id":1198,"date":"2013-02-27T13:47:11","date_gmt":"2013-02-27T11:47:11","guid":{"rendered":"http:\/\/blogs.elnortedecastilla.es\/deathblog\/?p=1198"},"modified":"2013-02-27T13:47:11","modified_gmt":"2013-02-27T11:47:11","slug":"presentacion-del-7o-salon-del-comic-y-el-manga-de-castilla-y-leon","status":"publish","type":"post","link":"https:\/\/blogs.elnortedecastilla.es\/deathblog\/2013\/02\/27\/presentacion-del-7o-salon-del-comic-y-el-manga-de-castilla-y-leon\/","title":{"rendered":"Presentaci\u00f3n del 7\u00ba Sal\u00f3n del C\u00f3mic y el Manga de Castilla y Le\u00f3n"},"content":{"rendered":"<p>Ayer presentaron en la Casa Revilla de Valladolid el <strong>7\u00ba Sal\u00f3n del C\u00f3mic y el Manga de Castilla y Le\u00f3n<\/strong>. Por circunstancias de la vida yo no pude ir pero aqu\u00ed tengo la documentaci\u00f3n por cortes\u00eda de mi compa\u00f1ero Alfredo J. G\u00f3mez, que s\u00ed estuvo all\u00ed as\u00ed que procedo a hacer un peque\u00f1o resumen.<\/p>\n<p style=\"text-align: center;\"><a href=\"\/deathblog\/wp-content\/uploads\/sites\/11\/2013\/02\/HyvAx.jpg\"><img class=\"aligncenter  wp-image-1200\" src=\"\/deathblog\/wp-content\/uploads\/sites\/11\/2013\/02\/HyvAx.jpg\" alt=\"\" width=\"580\" srcset=\"https:\/\/static-blogs.elnortedecastilla.es\/wp-content\/uploads\/sites\/11\/2013\/02\/HyvAx.jpg 600w, https:\/\/static-blogs.elnortedecastilla.es\/wp-content\/uploads\/sites\/11\/2013\/02\/HyvAx-212x300.jpg 212w\" sizes=\"(max-width: 600px) 100vw, 600px\" \/><\/a><\/p>\n<p style=\"text-align: right;\"><a href=\"https:\/\/blogs.elnortedecastilla.es\/deathblog\/2013\/02\/27\/presentacion-del-7o-salon-del-comic-y-el-manga-de-castilla-y-leon\/\">Continuar leyendo<\/a>&#8230;<\/p>\n<p><!--more-->El Sal\u00f3n tendr\u00e1 lugar en la<strong> Feria de Valladolid<\/strong> (Feria de Muestras para los amigos) en el Pabell\u00f3n 3 los d\u00edas <strong>9\u00a0y 10 de marzo<\/strong>. El horario ser\u00e1 de 11:30 a 20:30 los dos d\u00edas. A las 11:30 del s\u00e1bado d\u00eda 9 se inaugurar\u00e1 el Sal\u00f3n con la presencia de muchos de los profesionales invitados y las autoridades locales pertienentes.<\/p>\n<p>A continuaci\u00f3n, a las 13:00 horas tendr\u00e1 lugar el desfile de cosplay que parece sigue convocando el \u00e9xito suficiente para continuar su andadura. El<strong> concurso de cosplay<\/strong> ser\u00e1 el d\u00eda 10. Las bases del concurso <a href=\"http:\/\/salondelcomic.webcindario.com\/\" rel=\"external nofollow\">pod\u00e9is mirarlas aqu\u00ed<\/a>.<\/p>\n<p>Pero vamos con los nombres, que es el tema. Repiten habituales del Sal\u00f3n como <strong>Jes\u00fas Redondo, Cris Ortega<\/strong> y \u00a0<strong>Santiago Bellido.<\/strong> \u00a0A estos se han sumado muchos m\u00e1s nombres:<\/p>\n<p><strong>Miguelanxo Prado:<\/strong> director del sal\u00f3n del c\u00f3mic en el toda ciudad mediana se deber\u00eda mirar: <strong>Vi\u00f1etas desde el Atl\u00e1ntico<\/strong>, en La Coru\u00f1a. Ha trabajado, entre otros proyectos, en la serie Men in Black de la que Spielberg es director.<\/p>\n<p><strong>Jos\u00e9 Mar\u00eda Saur\u00ed:<\/strong> reconocido ilustrador a nivel internacional. Ha realizado trabajos para Norma Editorial y para la IPC brit\u00e1nica.<\/p>\n<p><strong>Henar Torinos:<\/strong> Nacida en Valladolid ha publicado varios c\u00f3mics. Gan\u00f3 el premio al mejor manga de autor espa\u00f1ol en el XVIII Sal\u00f3n del Manga de Barcelona.<\/p>\n<p>Me dejo algunos como <em>Mique Beltr\u00e1n<\/em>, <em>Hern\u00e1n Migoya<\/em>, <em>Susana Mart\u00edn<\/em> y <em>Agust\u00edn Espina<\/em> pero sin duda, para mi este a\u00f1o el sal\u00f3n tiene un nombre:<strong> Marc Bernab\u00e9<\/strong>. Traductor de infinidad de manga (si alguna vez hab\u00e9is le\u00eddo alguno probablemente la traducci\u00f3n sea suya) tambi\u00e9n ha publicado libros para <strong>facilitar el aprendizaje del japon\u00e9s<\/strong>, &#8216;<em>Kanji en Vi\u00f1etas<\/em>&#8216; y otros m\u00e1s relacionados con la <strong>cultura japonesa<\/strong> y el pa\u00eds como la <em>gu\u00eda de viajes Rumbo a Jap\u00f3n<\/em> (junto a V. Calafell y J. Esp\u00ed). Bernab\u00e9 estar\u00e1 <strong>el domingo 10 a las 12<\/strong> para hablar de cultura japonesa y manga, qu\u00e9 si no.<\/p>\n<p>Tambi\u00e9n asistir\u00e1n a este Sal\u00f3n los actores de doblaje <strong>Fernando Cabrera<\/strong> (<em>Chris<\/em> en <em>Padre de Familia<\/em> y <em>Sheldon<\/em> en <em>Big Bang Theory<\/em>, entre otros) y <strong>Jes\u00fas Alberto Pinillos<\/strong> que ha participado en series como <em>Embrujadas<\/em>, <em>Cosas de brujas<\/em>, <em>Gormiti<\/em> o los <em>Magos de Waverly Place<\/em>. Adem\u00e1s, ha doblado a personajes de <em>Pok\u00e9mon<\/em>.<\/p>\n<p style=\"text-align: center;\"><img class=\" aligncenter\" src=\"\/\/farm9.staticflickr.com\/8239\/8513022958_20ffab24ba_z.jpg\" alt=\"\" width=\"580\" \/><\/p>\n<p style=\"text-align: center;\"><em>Mat\u00edas L\u00f3pez, Profesor de la Miguel de Cervantes, Carlos Ram\u00edrez, Presidente de ASOFED y Director de Salon del C\u00f3mic y Manga en CYL, Mercedes Cantalapiedra,Concejala de Cultura, Amelia Aguado, Directotora del \u00e1rea de extension Universitaria y Carlos Escudero, Director de la Feria de Muestras de Valladolid.\/ Foto: Henar Sastre<\/em><\/p>\n<p>Los videojuegos contin\u00faan ganando protagonismo a\u00f1o tras a\u00f1o. En este 7\u00ba Sal\u00f3n los <strong>podcast: Juegos interactivos retro<\/strong>\u00a0y &#8216;<strong>Radical Dreamers<\/strong>&#8216; tendr\u00e1n su protagonismo durante el fin de semana. Los poadcast tendr\u00e1n lugar el s\u00e1bado de 11:30 a 14:30 y de 16:30 a 20:30 y el domingo en el mismo horario. En cuanto a &#8216;Radical Dreamers&#8217; ser\u00e1 el s\u00e1bado de 15:00 a 16:30 \u00a0y el domingo repite horario. Este programa tambi\u00e9n se har\u00e1 en la UEMC el 7 de marzo a las 18:00 horas. Tambi\u00e9n habr\u00e1 torneos de videojuegos. El s\u00e1bado de <em>Smash Super Brawl<\/em> y el domingo de <em>Pokemon<\/em> y <em>Mario Kart<\/em>. Tambi\u00e9n una conferencia impartida por <strong>Juan Pablo Ord\u00f3\u00f1ez<\/strong> bajo el t\u00edtulo &#8216;<em>La industria del videojuego y sus entresijos<\/em>&#8216;.<\/p>\n<p>Los torneo de cartas tambi\u00e9n tendr\u00e1n su momento dentro del pabell\u00f3n 3 de la Feria de Valladolid, el espacio contar\u00e1 con una <em>ludoteca<\/em>, una zona de caricaturas y un lugar donde los invitados al Sal\u00f3n firmar\u00e1n ejemplares.<\/p>\n<p>La oferta del <strong>7\u00ba Sal\u00f3n del C\u00f3mic y el Manga de Castilla y Le\u00f3n<\/strong> se completa con talleres de distintos aspectos de cultura cl\u00e1sica japonesa como el <em>origami<\/em> o la caligraf\u00eda adem\u00e1s de una exhibici\u00f3n de artes marciales. Y como no solo de Jap\u00f3n vive el Sal\u00f3n, Corea tendr\u00e1 su lugar con exhibiciones de <strong>danzas Kkymmyeon<\/strong>.<\/p>\n<p>La semana anterior se realizar\u00e1n una serie de <strong>proyecciones en los Cines Roxy<\/strong>. En concreto, se podr\u00e1n ver dos pel\u00edculas: <strong>El verano de Coo<\/strong> y <strong>El Castillo Ambulante<\/strong>.<\/p>\n<p><object width=\"640\" height=\"480\" classid=\"clsid:d27cdb6e-ae6d-11cf-96b8-444553540000\" codebase=\"http:\/\/download.macromedia.com\/pub\/shockwave\/cabs\/flash\/swflash.cab#version=6,0,40,0\"><param name=\"allowFullScreen\" value=\"true\" \/><param name=\"allowscriptaccess\" value=\"always\" \/><param name=\"src\" value=\"http:\/\/www.youtube.com\/v\/bkJCDMEIV9A?version=3&#038;hl=es_ES\" \/><param name=\"allowfullscreen\" value=\"true\" \/><embed width=\"640\" height=\"480\" type=\"application\/x-shockwave-flash\" src=\"\/\/www.youtube.com\/v\/bkJCDMEIV9A?version=3&#038;hl=es_ES\" allowFullScreen=\"true\" allowscriptaccess=\"always\" allowfullscreen=\"true\" \/><\/object><\/p>\n<p>>> <a href=\"http:\/\/canales.elnortedecastilla.es\/varios\/documentos\/salon-comic-cyl2013.pdf\" target=\"_blank\" rel=\"external nofollow\">Programa completo del Sal\u00f3n<\/a><\/p>\n<p>>> <a href=\"https:\/\/www.facebook.com\/saloncomicymanga\" rel=\"external nofollow\">Facebook del Sal\u00f3n del C\u00f3mic y el Manga de Castilla y Le\u00f3n<\/a><\/p>\n<p>>> <a href=\"http:\/\/salondelcomic.webcindario.com\/\" target=\"_blank\" rel=\"external nofollow\">Blog de Sal\u00f3n del C\u00f3mic y el Manga de Castilla y Le\u00f3n<\/a><\/p>\n<p>>> <a href=\"http:\/\/asofed.com\/wordpress\/\" target=\"_blank\" rel=\"external nofollow\">Blog de ASOFED<\/a><\/p>\n","protected":false},"excerpt":{"rendered":"<p>Ayer presentaron en la Casa Revilla de Valladolid el 7\u00ba Sal\u00f3n del C\u00f3mic y el Manga de Castilla y Le\u00f3n. Por circunstancias de la vida yo no pude ir pero aqu\u00ed tengo la documentaci\u00f3n por cortes\u00eda de mi compa\u00f1ero Alfredo J. G\u00f3mez, que s\u00ed estuvo all\u00ed as\u00ed que procedo a hacer un peque\u00f1o resumen. Continuar [&hellip;]<\/p>\n","protected":false},"author":15,"featured_media":0,"comment_status":"open","ping_status":"closed","sticky":false,"template":"","format":"standard","meta":[],"categories":[3,4,6],"tags":[446],"_links":{"self":[{"href":"https:\/\/blogs.elnortedecastilla.es\/deathblog\/wp-json\/wp\/v2\/posts\/1198"}],"collection":[{"href":"https:\/\/blogs.elnortedecastilla.es\/deathblog\/wp-json\/wp\/v2\/posts"}],"about":[{"href":"https:\/\/blogs.elnortedecastilla.es\/deathblog\/wp-json\/wp\/v2\/types\/post"}],"author":[{"embeddable":true,"href":"https:\/\/blogs.elnortedecastilla.es\/deathblog\/wp-json\/wp\/v2\/users\/15"}],"replies":[{"embeddable":true,"href":"https:\/\/blogs.elnortedecastilla.es\/deathblog\/wp-json\/wp\/v2\/comments?post=1198"}],"version-history":[{"count":0,"href":"https:\/\/blogs.elnortedecastilla.es\/deathblog\/wp-json\/wp\/v2\/posts\/1198\/revisions"}],"wp:attachment":[{"href":"https:\/\/blogs.elnortedecastilla.es\/deathblog\/wp-json\/wp\/v2\/media?parent=1198"}],"wp:term":[{"taxonomy":"category","embeddable":true,"href":"https:\/\/blogs.elnortedecastilla.es\/deathblog\/wp-json\/wp\/v2\/categories?post=1198"},{"taxonomy":"post_tag","embeddable":true,"href":"https:\/\/blogs.elnortedecastilla.es\/deathblog\/wp-json\/wp\/v2\/tags?post=1198"}],"curies":[{"name":"wp","href":"https:\/\/api.w.org\/{rel}","templated":true}]}}