{"id":121,"date":"2009-03-26T09:57:00","date_gmt":"2009-03-26T09:57:00","guid":{"rendered":"http:\/\/blogs.elnortedecastilla.es\/deathblog\/?p=121"},"modified":"2009-03-26T09:57:00","modified_gmt":"2009-03-26T09:57:00","slug":"hay-subsubgene","status":"publish","type":"post","link":"https:\/\/blogs.elnortedecastilla.es\/deathblog\/2009\/03\/26\/hay-subsubgene\/","title":{"rendered":"Opening Elfen Lied"},"content":{"rendered":"<p>Hay un subsubg\u00e9nero (no se como definirlo) dentro del mundo del manga, pero sobre todo del anime, algo muy apreciado por los aficionados al g\u00e9nero, algo que es la carta de presentaci\u00f3n de cualquier serie pero que cuando esa serie es animada y adem\u00e1s japonesa adquiere un valor y una dimensi\u00f3n mucho m\u00e1s trascendente.<\/p>\n<p align=\"center\"><IMG src=\"\/\/i274.photobucket.com\/albums\/jj278\/kawaiiv\/elfen_lied_8.jpg?t=1238061582\" width=\"550\"><\/p>\n<p>  Los openings y los endings de los animes, es decir, lo que en los programas de televisi\u00f3n se llamar\u00edan cabeceras. Hay aut\u00e9nicas obras de arte, dignas de museo. Yo tengo muy claro cual es mi p\u00f3dium y esta es hasta el momento el mejor comienzo para una serie.<\/p>\n<div style=\"text-align: center;\">\n<object style=\"border: 0pt none ; margin: 0pt; background: transparent none repeat scroll 0% 0%; -moz-background-clip: -moz-initial; -moz-background-origin: -moz-initial; -moz-background-inline-policy: -moz-initial;\" width=\"425\" height=\"344\"><param name=\"movie\" value=\"http:\/\/www.youtube.com\/v\/DvB-kphImNc&#038;hl=es_ES&#038;fs=1&#038;\"><param name=\"allowFullScreen\" value=\"true\"><param name=\"allowscriptaccess\" value=\"always\"><embed src=\"\/\/www.youtube.com\/v\/DvB-kphImNc&#038;hl=es_ES&#038;fs=1&#038;\" type=\"application\/x-shockwave-flash\" allowscriptaccess=\"always\" allowfullscreen=\"true\" width=\"425\" height=\"344\"><\/object>\n<\/div>\n<p>La serie es <A href=\"http:\/\/es.wikipedia.org\/wiki\/Elfen_Lied\" title=\"http:\/\/es.wikipedia.org\/wiki\/Elfen_Lied\" target=\"_blank\" id=\"link_1\">Elfen Lied<\/a> y todo el dise\u00f1o de los dibujos est\u00e1n inspirados en obras de <A href=\"http:\/\/es.wikipedia.org\/wiki\/Klimt\" title=\"http:\/\/es.wikipedia.org\/wiki\/Klimt\" target=\"_blank\" id=\"link_0\">Klimt<\/a>. La letra de la canci\u00f3n de nombre Lilium esta basado en algunos pasajes biblicos y en el himno de Ave mundi spes Maria (Ave Maria, Esperanza del Mundo) y tiene letra en latin con algunas palabras en griego. El nombre de la serie alude a como uno podr\u00eda dirigirse a la canci\u00f3n, con el t\u00edtulo en ruso o alem\u00e1n o algo as\u00ed, Elfen Lied (canci\u00f3n del elfo), es decir Lilium es la canci\u00f3n del elfo, acorde con el argumento pero de eso ya hablaremos otro d\u00eda.<\/p>\n<p>&#8211; MEG &#8211;<\/p>\n","protected":false},"excerpt":{"rendered":"<p>Hay un subsubg\u00e9nero (no se como definirlo) dentro del mundo del manga, pero sobre todo del anime, algo muy apreciado por los aficionados al g\u00e9nero, algo que es la carta de presentaci\u00f3n de cualquier serie pero que cuando esa serie es animada y adem\u00e1s japonesa adquiere un valor y una dimensi\u00f3n mucho m\u00e1s trascendente. Los [&hellip;]<\/p>\n","protected":false},"author":15,"featured_media":0,"comment_status":"open","ping_status":"closed","sticky":false,"template":"","format":"standard","meta":[],"categories":[2],"tags":[150,381],"_links":{"self":[{"href":"https:\/\/blogs.elnortedecastilla.es\/deathblog\/wp-json\/wp\/v2\/posts\/121"}],"collection":[{"href":"https:\/\/blogs.elnortedecastilla.es\/deathblog\/wp-json\/wp\/v2\/posts"}],"about":[{"href":"https:\/\/blogs.elnortedecastilla.es\/deathblog\/wp-json\/wp\/v2\/types\/post"}],"author":[{"embeddable":true,"href":"https:\/\/blogs.elnortedecastilla.es\/deathblog\/wp-json\/wp\/v2\/users\/15"}],"replies":[{"embeddable":true,"href":"https:\/\/blogs.elnortedecastilla.es\/deathblog\/wp-json\/wp\/v2\/comments?post=121"}],"version-history":[{"count":0,"href":"https:\/\/blogs.elnortedecastilla.es\/deathblog\/wp-json\/wp\/v2\/posts\/121\/revisions"}],"wp:attachment":[{"href":"https:\/\/blogs.elnortedecastilla.es\/deathblog\/wp-json\/wp\/v2\/media?parent=121"}],"wp:term":[{"taxonomy":"category","embeddable":true,"href":"https:\/\/blogs.elnortedecastilla.es\/deathblog\/wp-json\/wp\/v2\/categories?post=121"},{"taxonomy":"post_tag","embeddable":true,"href":"https:\/\/blogs.elnortedecastilla.es\/deathblog\/wp-json\/wp\/v2\/tags?post=121"}],"curies":[{"name":"wp","href":"https:\/\/api.w.org\/{rel}","templated":true}]}}