{"id":262,"date":"2011-06-20T12:21:00","date_gmt":"2011-06-20T12:21:00","guid":{"rendered":"http:\/\/blogs.elnortedecastilla.es\/deathblog\/?p=262"},"modified":"2011-06-20T12:21:00","modified_gmt":"2011-06-20T12:21:00","slug":"sam-raimi-adapatara-anime-noir","status":"publish","type":"post","link":"https:\/\/blogs.elnortedecastilla.es\/deathblog\/2011\/06\/20\/sam-raimi-adapatara-anime-noir\/","title":{"rendered":"Sam Raimi adaptar\u00e1 en anime &#039;Noir&#039;"},"content":{"rendered":"<p>Otra vez una noticia de adaptaci\u00f3n de un anime por los americanos. Dentro del p\u00e1nico que les tengo esta vez, parece que por lo menos conservar\u00e1 algo del esp\u00edritu, o eso quiero creer. El anime en cuesti\u00f3n es <em>&#8216;Noir&#8217;<\/em> guionizado por <strong>Ryoe Tsukimura<\/strong>. <\/p>\n<p align=\"center\"><IMG src=\"\/\/i1018.photobucket.com\/albums\/af305\/australia5\/noir-14365.jpg?t=1308565117\" width=\"650\" \/><\/p>\n<p>Al cargo de la versi\u00f3n americana estar\u00e1 <strong>Sam Raimi<\/strong> para la televisi\u00f3n <em>Starz<\/em>, el mismo encargado y la misma cadena de <strong>Spartacus: Sangre y Arena<\/strong> y su secuela,. En la misma cadena en la que se emite Spartacus, Raimi tambi\u00e9n es productor de <em>&#8216;Camelot&#8217;<\/em>. Por otra parte tambi\u00e9n ha producido &#8216;<strong>La leyenda del Buscador<\/strong>&#8216; y hace ya unos a\u00f1os de la m\u00edtica &#8216;<strong>Xena: La princesa guerrera<\/strong>&#8216;. En el cine ha sido el encargado de las tres \u00faltimas pel\u00edculas de <em>Spiderman<\/em>.<\/p>\n<p>Starz empieza a definir su apuesta y ha pasado de la comedia al drama de tintes oscuros y de acci\u00f3n. En nuestro pa\u00eds Noir est\u00e1 licenciada por <strong>Selecta Visi\u00f3n<\/strong> en el a\u00f1o 2006. En Starz la serie ser\u00e1, por supuesto, de acci\u00f3n real.<\/p>\n<p>Sinopsis: <em>Dos j\u00f3venes asesinas buscan respuestas sobre su pasado y el por qu\u00e9   de haber elegido ese tipo de vida. A lo largo de la serie, se ven   envueltas en una compleja trama orquestada por dos facciones de una   sociedad secreta, que recibe el nombre de Les Soldats.<\/em> <\/p>\n<p><object width=\"560\" height=\"349\"><param name=\"movie\" value=\"http:\/\/www.youtube.com\/v\/gp0ukC5mtwQ?version=3&#038;hl=es_ES\"><\/param><param name=\"allowFullScreen\" value=\"true\"><\/param><param name=\"allowscriptaccess\" value=\"always\"><\/param><embed src=\"\/\/www.youtube.com\/v\/gp0ukC5mtwQ?version=3&#038;hl=es_ES\" type=\"application\/x-shockwave-flash\" width=\"560\" height=\"349\" allowscriptaccess=\"always\" allowfullscreen=\"true\"><\/embed><\/object><\/p>\n<p>&#8211; MEG &#8211;<\/p>\n","protected":false},"excerpt":{"rendered":"<p>Otra vez una noticia de adaptaci\u00f3n de un anime por los americanos. Dentro del p\u00e1nico que les tengo esta vez, parece que por lo menos conservar\u00e1 algo del esp\u00edritu, o eso quiero creer. El anime en cuesti\u00f3n es &#8216;Noir&#8217; guionizado por Ryoe Tsukimura. Al cargo de la versi\u00f3n americana estar\u00e1 Sam Raimi para la televisi\u00f3n [&hellip;]<\/p>\n","protected":false},"author":15,"featured_media":0,"comment_status":"open","ping_status":"closed","sticky":false,"template":"","format":"standard","meta":[],"categories":[2,6],"tags":[363,493],"_links":{"self":[{"href":"https:\/\/blogs.elnortedecastilla.es\/deathblog\/wp-json\/wp\/v2\/posts\/262"}],"collection":[{"href":"https:\/\/blogs.elnortedecastilla.es\/deathblog\/wp-json\/wp\/v2\/posts"}],"about":[{"href":"https:\/\/blogs.elnortedecastilla.es\/deathblog\/wp-json\/wp\/v2\/types\/post"}],"author":[{"embeddable":true,"href":"https:\/\/blogs.elnortedecastilla.es\/deathblog\/wp-json\/wp\/v2\/users\/15"}],"replies":[{"embeddable":true,"href":"https:\/\/blogs.elnortedecastilla.es\/deathblog\/wp-json\/wp\/v2\/comments?post=262"}],"version-history":[{"count":0,"href":"https:\/\/blogs.elnortedecastilla.es\/deathblog\/wp-json\/wp\/v2\/posts\/262\/revisions"}],"wp:attachment":[{"href":"https:\/\/blogs.elnortedecastilla.es\/deathblog\/wp-json\/wp\/v2\/media?parent=262"}],"wp:term":[{"taxonomy":"category","embeddable":true,"href":"https:\/\/blogs.elnortedecastilla.es\/deathblog\/wp-json\/wp\/v2\/categories?post=262"},{"taxonomy":"post_tag","embeddable":true,"href":"https:\/\/blogs.elnortedecastilla.es\/deathblog\/wp-json\/wp\/v2\/tags?post=262"}],"curies":[{"name":"wp","href":"https:\/\/api.w.org\/{rel}","templated":true}]}}