{"id":84,"date":"2009-11-12T19:25:00","date_gmt":"2009-11-12T19:25:00","guid":{"rendered":"http:\/\/blogs.elnortedecastilla.es\/deathblog\/?p=84"},"modified":"2009-11-12T19:25:00","modified_gmt":"2009-11-12T19:25:00","slug":"live-action-peace-maker","status":"publish","type":"post","link":"https:\/\/blogs.elnortedecastilla.es\/deathblog\/2009\/11\/12\/live-action-peace-maker\/","title":{"rendered":"Live action de Peace Maker"},"content":{"rendered":"<p><a href=\"https:\/\/blogs.elnortedecastilla.es\/deathblog\/2009\/9\/3\/peace-maker-i-general\" target=\"_blank\"><img src=\"\/\/img156.imageshack.us\/img156\/8815\/11157461930na8.jpg\" alt=\"\" width=\"250\" align=\"left\" hspace=\"4\" \/>Peace Maker Kurogane<\/a> de <em>Nanae Chrono<\/em>, tendr\u00e1 adaptaci\u00f3n en action live (es decir, con actores reales) y se emitir\u00e1 en Jap\u00f3n por la <em>TBS\/MBS<\/em>. De momento la producci\u00f3n, de <a href=\"http:\/\/www.oricon.co.jp\/news\/deview\/70249\/\" target=\"_blank\" rel=\"external nofollow\">Oricon<\/a>, se est\u00e1 centrando en los actores que dar\u00e1n vida a los <a href=\"https:\/\/blogs.elnortedecastilla.es\/deathblog\/2009\/9\/10\/peace-maker-ii-personajes\" target=\"_blank\">personajes<\/a> ofertando los trabajos a hombres entre los 15 y los 29 a\u00f1os. Estos actores seguramente ser\u00e1n los que se encargar\u00e1n tambi\u00e9n de la obra teatral.<\/p>\n","protected":false},"excerpt":{"rendered":"<p>Peace Maker Kurogane de Nanae Chrono, tendr\u00e1 adaptaci\u00f3n en action live (es decir, con actores reales) y se emitir\u00e1 en Jap\u00f3n por la TBS\/MBS. De momento la producci\u00f3n, de Oricon, se est\u00e1 centrando en los actores que dar\u00e1n vida a los personajes ofertando los trabajos a hombres entre los 15 y los 29 a\u00f1os. Estos [&hellip;]<\/p>\n","protected":false},"author":15,"featured_media":0,"comment_status":"open","ping_status":"closed","sticky":false,"template":"","format":"standard","meta":[],"categories":[6],"tags":[395],"_links":{"self":[{"href":"https:\/\/blogs.elnortedecastilla.es\/deathblog\/wp-json\/wp\/v2\/posts\/84"}],"collection":[{"href":"https:\/\/blogs.elnortedecastilla.es\/deathblog\/wp-json\/wp\/v2\/posts"}],"about":[{"href":"https:\/\/blogs.elnortedecastilla.es\/deathblog\/wp-json\/wp\/v2\/types\/post"}],"author":[{"embeddable":true,"href":"https:\/\/blogs.elnortedecastilla.es\/deathblog\/wp-json\/wp\/v2\/users\/15"}],"replies":[{"embeddable":true,"href":"https:\/\/blogs.elnortedecastilla.es\/deathblog\/wp-json\/wp\/v2\/comments?post=84"}],"version-history":[{"count":0,"href":"https:\/\/blogs.elnortedecastilla.es\/deathblog\/wp-json\/wp\/v2\/posts\/84\/revisions"}],"wp:attachment":[{"href":"https:\/\/blogs.elnortedecastilla.es\/deathblog\/wp-json\/wp\/v2\/media?parent=84"}],"wp:term":[{"taxonomy":"category","embeddable":true,"href":"https:\/\/blogs.elnortedecastilla.es\/deathblog\/wp-json\/wp\/v2\/categories?post=84"},{"taxonomy":"post_tag","embeddable":true,"href":"https:\/\/blogs.elnortedecastilla.es\/deathblog\/wp-json\/wp\/v2\/tags?post=84"}],"curies":[{"name":"wp","href":"https:\/\/api.w.org\/{rel}","templated":true}]}}