{"id":88,"date":"2009-07-20T19:31:00","date_gmt":"2009-07-20T19:31:00","guid":{"rendered":"http:\/\/blogs.elnortedecastilla.es\/deathblog\/?p=88"},"modified":"2009-07-20T19:31:00","modified_gmt":"2009-07-20T19:31:00","slug":"mas-evangelion","status":"publish","type":"post","link":"https:\/\/blogs.elnortedecastilla.es\/deathblog\/2009\/07\/20\/mas-evangelion\/","title":{"rendered":"M\u00e1s Evangelion"},"content":{"rendered":"<p>Hay m\u00e1s <a href=\"http:\/\/es.wikipedia.org\/wiki\/Evangelion\" target=\"_blank\" rel=\"external nofollow\">Evangelion<\/a> y, al parecer, por fin explican lo que significa. Ni la serie con <a href=\"http:\/\/www.mcanime.net\/descarga_directa\/anime\/evangelion\/49\" target=\"_blank\" rel=\"external nofollow\">26 cap\u00edtulos<\/a>, ni las <a href=\"http:\/\/www.mcanime.net\/descarga_directa\/anime\/evangelion\/49\" target=\"_blank\" rel=\"external nofollow\">dos pel\u00edculas<\/a> habr\u00edan logrado explicarlo (es lo que tiene hacer estas cosas en fase depresiva, que no se entiende nada, su director <a title=\"Hideaki Anno\" href=\"http:\/\/es.wikipedia.org\/wiki\/Hideaki_Anno\" rel=\"external nofollow\">Hideaki Anno<\/a>, seg\u00fan el mismo, estaba muy mal psicologicamente).<\/p>\n<p align=\"center\"><img loading=\"lazy\" src=\"\/\/blogotaku.com\/wp-content\/uploads\/2009\/07\/mari.jpg\" alt=\"\" width=\"510\" height=\"316\" \/><\/p>\n<p>Ahora, llegan novedades de esta m\u00edtica serie<strong> 2.0 You can (not) advance<\/strong>, <a href=\"http:\/\/www.fnac.es\/dsp\/?servlet=extended.HomeExtendedServlet&#038;Code1=3847675277&#038;Code2=517&#038;prodID=770627\" target=\"_blank\" rel=\"external nofollow\">ya a la venta<\/a>, y con <strong>26 minutos de adelanto<\/strong> <a href=\"http:\/\/www.tu.tv\/videos\/rebuild-of-evangelion-2-0-you-can-not-ad_1\" target=\"_blank\" rel=\"external nofollow\">disponibles en la web<\/a> y un adelanto de <strong>Evangelion 3.0 Q Quickening<\/strong>, otra pel\u00edcula m\u00e1s.<\/p>\n<p>En este v\u00eddeo se puede ver la batalla contra el d\u00e9cimo cuarto \u00e1ngel, <em>Zeruel<\/em>. Adem\u00e1s, se puede ver a una nueva <strong>piloto para el EVA 02<\/strong> <em>Mari Makinami<\/em> y la batalla del <strong>EVA 01<\/strong>.<\/p>\n<p><img loading=\"lazy\" src=\"\/deathblog\/wp-content\/uploads\/sites\/11\" alt=\"\" width=\"425\" height=\"350\" \/><\/p>\n<p><a href=\"http:\/\/www.tu.tv\" rel=\"external nofollow\"><img src=\"\/\/www.tu.tv\/img\/tranparente.gif\" alt=\"Videos tu.tv\" border=\"0\" \/><\/a><\/p>\n<p>&#8211; MEG &#8211;<\/p>\n<p>&nbsp;<\/p>\n","protected":false},"excerpt":{"rendered":"<p>Hay m\u00e1s Evangelion y, al parecer, por fin explican lo que significa. Ni la serie con 26 cap\u00edtulos, ni las dos pel\u00edculas habr\u00edan logrado explicarlo (es lo que tiene hacer estas cosas en fase depresiva, que no se entiende nada, su director Hideaki Anno, seg\u00fan el mismo, estaba muy mal psicologicamente). Ahora, llegan novedades de [&hellip;]<\/p>\n","protected":false},"author":15,"featured_media":0,"comment_status":"open","ping_status":"closed","sticky":false,"template":"","format":"standard","meta":[],"categories":[2],"tags":[157],"_links":{"self":[{"href":"https:\/\/blogs.elnortedecastilla.es\/deathblog\/wp-json\/wp\/v2\/posts\/88"}],"collection":[{"href":"https:\/\/blogs.elnortedecastilla.es\/deathblog\/wp-json\/wp\/v2\/posts"}],"about":[{"href":"https:\/\/blogs.elnortedecastilla.es\/deathblog\/wp-json\/wp\/v2\/types\/post"}],"author":[{"embeddable":true,"href":"https:\/\/blogs.elnortedecastilla.es\/deathblog\/wp-json\/wp\/v2\/users\/15"}],"replies":[{"embeddable":true,"href":"https:\/\/blogs.elnortedecastilla.es\/deathblog\/wp-json\/wp\/v2\/comments?post=88"}],"version-history":[{"count":0,"href":"https:\/\/blogs.elnortedecastilla.es\/deathblog\/wp-json\/wp\/v2\/posts\/88\/revisions"}],"wp:attachment":[{"href":"https:\/\/blogs.elnortedecastilla.es\/deathblog\/wp-json\/wp\/v2\/media?parent=88"}],"wp:term":[{"taxonomy":"category","embeddable":true,"href":"https:\/\/blogs.elnortedecastilla.es\/deathblog\/wp-json\/wp\/v2\/categories?post=88"},{"taxonomy":"post_tag","embeddable":true,"href":"https:\/\/blogs.elnortedecastilla.es\/deathblog\/wp-json\/wp\/v2\/tags?post=88"}],"curies":[{"name":"wp","href":"https:\/\/api.w.org\/{rel}","templated":true}]}}