{"id":96,"date":"2009-11-19T21:10:00","date_gmt":"2009-11-19T21:10:00","guid":{"rendered":"http:\/\/blogs.elnortedecastilla.es\/deathblog\/?p=96"},"modified":"2009-11-19T21:10:00","modified_gmt":"2009-11-19T21:10:00","slug":"naruto-ida-y-vuelta-altos-y-bajos","status":"publish","type":"post","link":"https:\/\/blogs.elnortedecastilla.es\/deathblog\/2009\/11\/19\/naruto-ida-y-vuelta-altos-y-bajos\/","title":{"rendered":"Naruto de ida y vuelta. Altos y bajos"},"content":{"rendered":"<p><a href=\"https:\/\/blogs.elnortedecastilla.es\/deathblog\/tags\/naruto\" target=\"_blank\">Naruto<\/a> ya se comi\u00f3 a<strong> Bola de Drag\u00f3n<\/strong> hace un tiempo (al menos en cuanto a extensi\u00f3n). Yo llevo una semana intentado ponerme al d\u00eda respecto al manga en Jap\u00f3n. El resultado, lo he alcanzado por fin, ayer le\u00ed el cap\u00edtulo 271 en el que por fin se descubre <strong>el verdadero poder de Kisame<\/strong> mientras lucha contra el Hachibi (demonio de ocho colas). La conclusi\u00f3n de todo esto es que Naruto ha conseguido remontar el vuelo.<\/p>\n<p><img src=\"\/\/blogotaku.com\/wp-content\/uploads\/2009\/11\/ghnarutoyondaimajiraiyajy8.png\" alt=\"\" width=\"550\" \/><\/p>\n<p style=\"text-align: right\"><a href=\"https:\/\/blogs.elnortedecastilla.es\/deathblog\/2009\/11\/19\/naruto-ida-y-vuelta-altos-y-bajos\/\">Continuar leyendo<\/a>&#8230;<\/p>\n<p><em><!--more-->Hay spoilers<\/em><\/p>\n<p><img src=\"\/deathblog\/wp-content\/uploads\/sites\/11.png\" alt=\"\" height=\"250\" align=\"left\" hspace=\"3\" \/>Despu\u00e9s de unos cap\u00edtulos interminablemente lentos tras la<strong> muerte de Jiraya<\/strong> y sobre todo la de Itachi todo se precipita y comenza el l\u00edo. Sasuke conoce por fin la verdad sobre su hermano y decide vengarse de su villa, algo absurdo, si tenemos en cuenta que <a href=\"https:\/\/blogs.elnortedecastilla.es\/deathblog\/2009\/11\/9\/personajes-itachi\" target=\"_blank\">Itachi<\/a> se exili\u00f3 por salvar a su villa. Pero antes de que pueda alcanzar Konoha esta es <strong>destruida por uno de los miembros de Akatsuki<\/strong> (Pain) antiguo alumno de Jiraya y el que acaba con \u00e9l. Durante la batalla por la <strong>segunda destrucci\u00f3n de Konoha<\/strong> muere un mont\u00f3n de gente, entre ellos Kakashi y yo en ese momento casi colapso, pero no, al final acaban resucitando gracias a <a href=\"http:\/\/s1018.photobucket.com\/albums\/af305\/australia5\/Naruto\/?start=0\" target=\"_blank\" rel=\"external nofollow\">Naruto<\/a> que convence a Pain de que su lucha no tiene ninguna l\u00f3gica.<\/p>\n<p>Y todav\u00eda quedan m\u00e1s secretos descubiertos sobre <em>Danzou<\/em>, un posible nuevo cambio de Hokage, <strong>inestabilidad pol\u00edtica<\/strong> mientras una cuarta guerra se aproxima y Tobi (<a href=\"http:\/\/s1018.photobucket.com\/albums\/af305\/australia5\/Naruto\/?action=view&#038;current=MadaraUchiha19382.jpg\" target=\"_blank\" rel=\"external nofollow\">Madara<\/a>) muestra todo el mundo su plan. Adem\u00e1s, se conoce mucho m\u00e1s sobre la fundaci\u00f3n de la villa y de como naci\u00f3 el <strong>Pa\u00eds del Fuego<\/strong>. Los enfrentamientos desde el principio entre los clanes fundadores, la verdad sobre los <em>Bijuus<\/em> y m\u00e1s.<\/p>\n<p>En fin que<strong> la historia ha remontado el vuelo<\/strong> de una forma espectacular. Estuve a punto de abandonar Naruto porque ya no le encontraba nada de gracia. Sin embargo, han conseguido que vuelva. Creo que ya ni los cap\u00edtulos de relleno del anime (insoportables) podr\u00e1n conmigo.<\/p>\n","protected":false},"excerpt":{"rendered":"<p>Naruto ya se comi\u00f3 a Bola de Drag\u00f3n hace un tiempo (al menos en cuanto a extensi\u00f3n). Yo llevo una semana intentado ponerme al d\u00eda respecto al manga en Jap\u00f3n. El resultado, lo he alcanzado por fin, ayer le\u00ed el cap\u00edtulo 271 en el que por fin se descubre el verdadero poder de Kisame mientras [&hellip;]<\/p>\n","protected":false},"author":15,"featured_media":0,"comment_status":"open","ping_status":"closed","sticky":false,"template":"","format":"standard","meta":[],"categories":[2,4],"tags":[329,354],"_links":{"self":[{"href":"https:\/\/blogs.elnortedecastilla.es\/deathblog\/wp-json\/wp\/v2\/posts\/96"}],"collection":[{"href":"https:\/\/blogs.elnortedecastilla.es\/deathblog\/wp-json\/wp\/v2\/posts"}],"about":[{"href":"https:\/\/blogs.elnortedecastilla.es\/deathblog\/wp-json\/wp\/v2\/types\/post"}],"author":[{"embeddable":true,"href":"https:\/\/blogs.elnortedecastilla.es\/deathblog\/wp-json\/wp\/v2\/users\/15"}],"replies":[{"embeddable":true,"href":"https:\/\/blogs.elnortedecastilla.es\/deathblog\/wp-json\/wp\/v2\/comments?post=96"}],"version-history":[{"count":0,"href":"https:\/\/blogs.elnortedecastilla.es\/deathblog\/wp-json\/wp\/v2\/posts\/96\/revisions"}],"wp:attachment":[{"href":"https:\/\/blogs.elnortedecastilla.es\/deathblog\/wp-json\/wp\/v2\/media?parent=96"}],"wp:term":[{"taxonomy":"category","embeddable":true,"href":"https:\/\/blogs.elnortedecastilla.es\/deathblog\/wp-json\/wp\/v2\/categories?post=96"},{"taxonomy":"post_tag","embeddable":true,"href":"https:\/\/blogs.elnortedecastilla.es\/deathblog\/wp-json\/wp\/v2\/tags?post=96"}],"curies":[{"name":"wp","href":"https:\/\/api.w.org\/{rel}","templated":true}]}}