{"id":996,"date":"2012-02-09T23:47:55","date_gmt":"2012-02-09T21:47:55","guid":{"rendered":"http:\/\/blogs.elnortedecastilla.es\/deathblog\/?p=996"},"modified":"2012-02-09T23:47:55","modified_gmt":"2012-02-09T21:47:55","slug":"takehiko-inoue-retoma-vagabond","status":"publish","type":"post","link":"https:\/\/blogs.elnortedecastilla.es\/deathblog\/2012\/02\/09\/takehiko-inoue-retoma-vagabond\/","title":{"rendered":"Takehiko Inoue retoma Vagabond"},"content":{"rendered":"<p><a href=\"\/deathblog\/wp-content\/uploads\/sites\/11\/2012\/02\/vagabond11.jpg\"><img class=\"size-full wp-image-997 alignleft\" style=\"margin-left: 3px; margin-right: 3px;\" title=\"vagabond11\" src=\"\/deathblog\/wp-content\/uploads\/sites\/11\/2012\/02\/vagabond11.jpg\" alt=\"\" height=\"300\" srcset=\"https:\/\/static-blogs.elnortedecastilla.es\/wp-content\/uploads\/sites\/11\/2012\/02\/vagabond11.jpg 336w, https:\/\/static-blogs.elnortedecastilla.es\/wp-content\/uploads\/sites\/11\/2012\/02\/vagabond11-212x300.jpg 212w\" sizes=\"(max-width: 336px) 100vw, 336px\" \/><\/a>\u00a1\u00a1Por fin!! <strong>Takehiko Inoue<\/strong> ha anunciado que<strong> retomar\u00e1 Vagabond<\/strong> despu\u00e9s de su enfermedad. En agosto de 2010 anunci\u00f3 un par\u00f3n en su obra debido a su salud. Despu\u00e9s de que ese mismo a\u00f1o todas las pruebas fueran positivas para el mangaka decidi\u00f3 dedicar unos meses a descansar. A finales de ese mismo a\u00f1o declar\u00f3 que <strong>no volver\u00eda a trabajar en Vagabond hasta que no recuperara el entusiasmo<\/strong> por la obra.<\/p>\n<p>Ahora a confirmado que <strong>en el mes de marzo saldr\u00e1 a la venta un nuevo cap\u00edtulo<\/strong> de la historia del samur\u00e1i m\u00e1s famoso de Jap\u00f3n y adem\u00e1s, a color.\u00a0<em>Vagabond<\/em>\u00a0se public\u00f3 por primera vez en la revista\u00a0<em>Kodansha Morning Magazine<\/em>\u00a0en 1998. En Espa\u00f1a, <strong>Ivr\u00e9a tiene la licencia<\/strong> y lleva publicados los 33 tomos que lleva la historia hasta el momento.<\/p>\n","protected":false},"excerpt":{"rendered":"<p>\u00a1\u00a1Por fin!! Takehiko Inoue ha anunciado que retomar\u00e1 Vagabond despu\u00e9s de su enfermedad. En agosto de 2010 anunci\u00f3 un par\u00f3n en su obra debido a su salud. Despu\u00e9s de que ese mismo a\u00f1o todas las pruebas fueran positivas para el mangaka decidi\u00f3 dedicar unos meses a descansar. A finales de ese mismo a\u00f1o declar\u00f3 que [&hellip;]<\/p>\n","protected":false},"author":15,"featured_media":0,"comment_status":"open","ping_status":"closed","sticky":false,"template":"","format":"standard","meta":[],"categories":[4],"tags":[502,541],"_links":{"self":[{"href":"https:\/\/blogs.elnortedecastilla.es\/deathblog\/wp-json\/wp\/v2\/posts\/996"}],"collection":[{"href":"https:\/\/blogs.elnortedecastilla.es\/deathblog\/wp-json\/wp\/v2\/posts"}],"about":[{"href":"https:\/\/blogs.elnortedecastilla.es\/deathblog\/wp-json\/wp\/v2\/types\/post"}],"author":[{"embeddable":true,"href":"https:\/\/blogs.elnortedecastilla.es\/deathblog\/wp-json\/wp\/v2\/users\/15"}],"replies":[{"embeddable":true,"href":"https:\/\/blogs.elnortedecastilla.es\/deathblog\/wp-json\/wp\/v2\/comments?post=996"}],"version-history":[{"count":0,"href":"https:\/\/blogs.elnortedecastilla.es\/deathblog\/wp-json\/wp\/v2\/posts\/996\/revisions"}],"wp:attachment":[{"href":"https:\/\/blogs.elnortedecastilla.es\/deathblog\/wp-json\/wp\/v2\/media?parent=996"}],"wp:term":[{"taxonomy":"category","embeddable":true,"href":"https:\/\/blogs.elnortedecastilla.es\/deathblog\/wp-json\/wp\/v2\/categories?post=996"},{"taxonomy":"post_tag","embeddable":true,"href":"https:\/\/blogs.elnortedecastilla.es\/deathblog\/wp-json\/wp\/v2\/tags?post=996"}],"curies":[{"name":"wp","href":"https:\/\/api.w.org\/{rel}","templated":true}]}}