{"id":319,"date":"2015-09-02T10:01:23","date_gmt":"2015-09-02T09:01:23","guid":{"rendered":"http:\/\/blogs.elnortedecastilla.es\/elavisador\/?p=319"},"modified":"2015-09-02T10:01:23","modified_gmt":"2015-09-02T09:01:23","slug":"doscientos-cipreses","status":"publish","type":"post","link":"https:\/\/blogs.elnortedecastilla.es\/elavisador\/2015\/09\/02\/doscientos-cipreses\/","title":{"rendered":"Doscientos cipreses"},"content":{"rendered":"<p>&#8216;La Sombra del Cipr\u00e9s&#8217; alcanza un nuevo n\u00famero redondo despu\u00e9s de cinco a\u00f1os de andadura en El Norte<br \/>\n<a href=\"\/elavisador\/wp-content\/uploads\/sites\/5\/2015\/09\/200cipreses.jpg\"><img loading=\"lazy\" class=\"alignleft size-full wp-image-320\" style=\"margin-left: 3px; margin-right: 3px;\" title=\"200cipreses\" src=\"\/elavisador\/wp-content\/uploads\/sites\/5\/2015\/09\/200cipreses.jpg\" alt=\"\" width=\"332\" height=\"878\" srcset=\"https:\/\/static-blogs.elnortedecastilla.es\/wp-content\/uploads\/sites\/5\/2015\/09\/200cipreses.jpg 332w, https:\/\/static-blogs.elnortedecastilla.es\/wp-content\/uploads\/sites\/5\/2015\/09\/200cipreses-113x300.jpg 113w\" sizes=\"(max-width: 332px) 100vw, 332px\" \/><\/a>Desde ni\u00f1o, cuando buceaba en la discoteca de mi padre en busca de un vinilo digno de ser escuchado en su fastuoso equipo de alta fidelidad, so\u00f1aba con escribir alg\u00fan d\u00eda la car\u00e1tula de un disco. De un disco, s\u00ed, como dec\u00edamos entonces, ya que el t\u00e9rmino vinilo nos vino despu\u00e9s. LP o &#8216;single&#8217;, lo mismo daba. De 33 o de 45 revoluciones por minuto&#8230;<br \/>\nLa manera en la que un escritor, un cr\u00edtico o, simplemente, el publicista de turno de la discogr\u00e1fica presentaban lo que el vinilo conten\u00eda, al lado siempre de la lista de las canciones, me parec\u00eda un g\u00e9nero literario fascinante, digno de las mejores plumas. Hablar de m\u00fasica, anticipar con palabras las sensaciones que despu\u00e9s percibir\u00edamos al escuchar un disco era para m\u00ed la mejor de las manifestaciones po\u00e9ticas. De hecho me parec\u00eda, y a\u00fan me lo sigue pareciendo, que las palabras tienen siempre dentro de ellas una m\u00fasica misteriosa y secreta, una m\u00fasica que suena en nuestro coraz\u00f3n antes que en nuestro cerebro, y que nos hace mirar el mundo con comp\u00e1s y con y armon\u00eda, de manera sinf\u00f3nica.<br \/>\nHasta tal punto era as\u00ed, que no s\u00e9 si fue la fascinaci\u00f3n del vinilo ?del objeto, con toda la parafernalia de su envoltorio? o la fascinaci\u00f3n de los sonidos que fui escuchando despu\u00e9s, lo que me llev\u00f3 durante a\u00f1os a obsesionarme por escribir de m\u00fasica, a cumplir esa absurda vanidad de transformar los sonidos en palabras. M\u00e1s tarde la vida me dar\u00eda la oportunidad de conocer a infinidad de m\u00fasicos, de trabajar con ellos, e incluso de escribir yo mismo la car\u00e1tula de alguno de sus discos, cumpliendo el viejo sue\u00f1o de la infancia. S\u00f3lo los que tenemos cierta edad sabemos, con toda su profundidad, lo que significaba aquella liturgia de car\u00e1tulas de cart\u00f3n, fundas de pl\u00e1stico, surcos giratorios, agujas de diamante, carraspeo del primer contacto y, finalmente&#8230; la m\u00fasica.<\/p>\n<p><!--more--><br \/>\nDe todo aquel mundo vibrante es de lo que habla hoy el n\u00famero doscientos de La Sombra del Cipr\u00e9s, el cultural de El Norte de Castilla. Un suplemento que vio por primera vez la luz el 28 de noviembre de 2009, con un n\u00famero especial, dedicado al teatro, que conten\u00eda una larga entrevista con Concha Velasco. Doscientos n\u00fameros, a lo largo de cinco a\u00f1os y algunos meses, en los que la literatura ha tenido siempre un protagonismo muy especial, como corresponde a esa vocaci\u00f3n por las letras que mostr\u00f3 este peri\u00f3dico desde el d\u00eda de su nacimiento, pero donde tambi\u00e9n hemos hablado mucho de pintura, de escultura, de arquitectura, de fotograf\u00eda, de cine, de c\u00f3mic, de artes visuales, de danza, de dise\u00f1o, de cultura, de ciencia&#8230; y por supuesto de m\u00fasica. De todo aquello que las musas encendieron en el esp\u00edritu creativo del hombre para animarle a habitar un mundo m\u00e1s digno y m\u00e1s hermoso.<br \/>\nPasa el tiempo en la personalidad, en el dise\u00f1o y en el propio concepto de La Sombra del Cipr\u00e9s a lo largo de sus doscientos primeros n\u00fameros, como pasa el tiempo sobre las car\u00e1tulas de los vinilos, que siempre son historia y siempre son presente cuando llegan de nuevo a nuestras manos. Pero permanece una misma voluntad: se\u00f1alar a los lectores, a trav\u00e9s de la palabra de nuestro plantel de colaboradores y amigos, algunos caminos que llevan a lugares extraordinarios, a espacios donde nuestro pensamiento y nuestros sentidos pueden cobrar una dimensi\u00f3n m\u00e1s ancha. En un mundo que quiz\u00e1s mira hacia adelante con exceso de ansia, conviene de tiempo en tiempo mirar tambi\u00e9n hacia atr\u00e1s. Y echar cuentas. Y jugar con la memoria. O, como dec\u00eda Miguel Delibes, a quien debemos el nombre de nuestro suplemento: &#8220;Permitamos que el tiempo venga a buscarnos en vez de luchar contra \u00e9l&#8221;.<br \/>\nEsa es la banda sonora de nuestra aventura.<\/p>\n","protected":false},"excerpt":{"rendered":"<p>&#8216;La Sombra del Cipr\u00e9s&#8217; alcanza un nuevo n\u00famero redondo despu\u00e9s de cinco a\u00f1os de andadura en El Norte Desde ni\u00f1o, cuando buceaba en la discoteca de mi padre en busca de un vinilo digno de ser escuchado en su fastuoso equipo de alta fidelidad, so\u00f1aba con escribir alg\u00fan d\u00eda la car\u00e1tula de un disco. De [&hellip;]<\/p>\n","protected":false},"author":7,"featured_media":0,"comment_status":"open","ping_status":"open","sticky":false,"template":"","format":"standard","meta":[],"categories":[2],"tags":[],"_links":{"self":[{"href":"https:\/\/blogs.elnortedecastilla.es\/elavisador\/wp-json\/wp\/v2\/posts\/319"}],"collection":[{"href":"https:\/\/blogs.elnortedecastilla.es\/elavisador\/wp-json\/wp\/v2\/posts"}],"about":[{"href":"https:\/\/blogs.elnortedecastilla.es\/elavisador\/wp-json\/wp\/v2\/types\/post"}],"author":[{"embeddable":true,"href":"https:\/\/blogs.elnortedecastilla.es\/elavisador\/wp-json\/wp\/v2\/users\/7"}],"replies":[{"embeddable":true,"href":"https:\/\/blogs.elnortedecastilla.es\/elavisador\/wp-json\/wp\/v2\/comments?post=319"}],"version-history":[{"count":0,"href":"https:\/\/blogs.elnortedecastilla.es\/elavisador\/wp-json\/wp\/v2\/posts\/319\/revisions"}],"wp:attachment":[{"href":"https:\/\/blogs.elnortedecastilla.es\/elavisador\/wp-json\/wp\/v2\/media?parent=319"}],"wp:term":[{"taxonomy":"category","embeddable":true,"href":"https:\/\/blogs.elnortedecastilla.es\/elavisador\/wp-json\/wp\/v2\/categories?post=319"},{"taxonomy":"post_tag","embeddable":true,"href":"https:\/\/blogs.elnortedecastilla.es\/elavisador\/wp-json\/wp\/v2\/tags?post=319"}],"curies":[{"name":"wp","href":"https:\/\/api.w.org\/{rel}","templated":true}]}}